{"id":61620,"date":"2019-09-19T14:19:13","date_gmt":"2019-09-19T18:19:13","guid":{"rendered":"https:\/\/linitiative.ca\/International\/tourisme-hausse-de-8-des-nuitees-a-fin-aout\/"},"modified":"2019-09-19T14:19:13","modified_gmt":"2019-09-19T18:19:13","slug":"tourisme-hausse-de-8-des-nuitees-a-fin-aout","status":"publish","type":"post","link":"https:\/\/linitiative.ca\/International\/tourisme-hausse-de-8-des-nuitees-a-fin-aout\/","title":{"rendered":"Tourisme : Hausse de 8% des nuit\u00e9es \u00e0 fin ao\u00fbt"},"content":{"rendered":"<div readability=\"36\">\n<p>Essaouira- Le nombre des nuit\u00e9es enregistr\u00e9es dans les \u00e9tablissements d\u2019h\u00e9bergement touristique class\u00e9s de la ville d\u2019Essaouira, a r\u00e9alis\u00e9 une hausse de 8% durant les huit premiers mois de l\u2019ann\u00e9e 2019, comparativement \u00e0 la m\u00eame p\u00e9riode de l\u2019ann\u00e9e \u00e9coul\u00e9e.<\/p>\n<\/div>\n<div readability=\"99\">\n<p>Cette performance correspond \u00e0 une augmentation de 9% du nombre des arriv\u00e9es dans la ville durant les 8 premiers mois de l\u2019ann\u00e9e en cours, selon les donn\u00e9es communiqu\u00e9es par la d\u00e9l\u00e9gation provinciale du tourisme de la cit\u00e9 des Aliz\u00e9s.<\/p>\n<p>En chiffres, il s\u2019agit de quelque 358.097 nuit\u00e9es enregistr\u00e9es entre janvier et ao\u00fbt derniers, contre seulement 332.676 nuit\u00e9es durant la m\u00eame p\u00e9riode de l\u2019ann\u00e9e \u00e9coul\u00e9e.<\/p>\n<p>La ville d\u2019Essaouira\u00a0a enregistr\u00e9 durant les 8 premiers mois de l\u2019ann\u00e9e 2019 quelque 153.693 arriv\u00e9es contre 140.816 durant la m\u00eame p\u00e9riode de 2018, pr\u00e9cise-t-on de m\u00eame source.<\/p>\n<p>Ainsi, la plupart des cat\u00e9gories d\u2019\u00e9tablissements touristiques de la ville ont enregistr\u00e9 des hausses en termes de nuit\u00e9es, avec 11% pour les h\u00f4tels 5 \u00e9toiles, les r\u00e9sidences h\u00f4teli\u00e8res avec 32%, les h\u00f4tels 3 \u00e9toiles avec 22%, les Maisons d\u2019h\u00f4tes avec 2% et une croissance de 5% respectivement pour les h\u00f4tels 2 \u00e9toiles et 1 \u00e9toile, pr\u00e9cise-t-on de m\u00eame source.<\/p>\n<p>Et de poursuivre que la cat\u00e9gorie d\u2019h\u00f4tels 5 \u00e9toiles et les maisons d\u2019h\u00f4tes cumulent \u00e0 elles seules plus de 60% du total des nuit\u00e9es enregistr\u00e9es \u00e0\u00a0Essaouira\u00a0durant les 8 premiers mois de l\u2019ann\u00e9e en cours.<\/p>\n<p>Pour le seul mois d\u2019ao\u00fbt dernier, le nombre des nuit\u00e9es enregistr\u00e9es dans les h\u00f4tels class\u00e9s de la cit\u00e9 des Aliz\u00e9s a atteint 69.201, soit une hausse de 6% par rapport au m\u00eame mois de l\u2019ann\u00e9e pr\u00e9c\u00e9dente, alors que celui des arriv\u00e9es s\u2019est chiffr\u00e9 \u00e0 25.828, soit une augmentation de 7% en comparaison avec le mois d\u2019ao\u00fbt 2018.<\/p>\n<p>L\u2019accroissement des nuit\u00e9es enregistr\u00e9es durant le premier semestre de 2019 est attribuable aux bonnes performances enregistr\u00e9es par les non-r\u00e9sidents notamment, la France avec +16%, l\u2019Allemagne (21%), les USA (15%), le Canada (34%), la Belgique (4%), et l\u2019Espagne (9%) entre autres march\u00e9s \u00e9metteurs, indique-t-on.<\/p>\n<p>La m\u00eame source souligne que la ville d\u2019Essaouira\u00a0occupe la sixi\u00e8me place \u00e0 l\u2019\u00e9chelle nationale en termes de Dur\u00e9e Moyenne de S\u00e9jour (DMS), avec 2,4 jours, notant que la moyenne la plus \u00e9lev\u00e9e est celle du march\u00e9 belge avec 3,4 jours.<\/p>\n<p>Concernant les infrastructures touristiques, la cit\u00e9 des Aliz\u00e9s compte 149 \u00e9tablissements d\u2019h\u00e9bergement touristique class\u00e9s, soit une capacit\u00e9 liti\u00e8re totale de 6.000 lits, 28 restaurants class\u00e9s, 03 Agences de voyages, 31 Agences de Transport Touristique (175 v\u00e9hicules), et 42 accompagnateurs et guides de tourisme.<\/p>\n<\/div>\n<p>Auteur: Mohammed KOURSI<br \/>\n<a href=\"http:\/\/www.mapmarrakech.ma\/fr\/essaouira-hausse-de-8-des-nuitees-a-fin-aout\/\">Cliquez ici pour lire l&rsquo;article depuis sa source.<\/a><\/p>\n","protected":false},"excerpt":{"rendered":"<p>Essaouira- Le nombre des nuit\u00e9es enregistr\u00e9es dans les \u00e9tablissements d\u2019h\u00e9bergement touristique class\u00e9s de la ville d\u2019Essaouira, a r\u00e9alis\u00e9 une hausse de 8% durant les huit premiers mois de l\u2019ann\u00e9e 2019, comparativement \u00e0 la m\u00eame p\u00e9riode de l\u2019ann\u00e9e \u00e9coul\u00e9e. Cette performance correspond \u00e0 une augmentation de 9% du nombre des arriv\u00e9es dans la ville durant les [&hellip;]<\/p>\n","protected":false},"author":1788,"featured_media":0,"comment_status":"closed","ping_status":"closed","sticky":false,"template":"","format":"standard","meta":{"fifu_image_url":"","fifu_image_alt":"","footnotes":""},"categories":[54,76],"tags":[],"class_list":["post-61620","post","type-post","status-publish","format-standard","hentry","category-maroc","category-regions"],"_links":{"self":[{"href":"https:\/\/linitiative.ca\/International\/wp-json\/wp\/v2\/posts\/61620","targetHints":{"allow":["GET"]}}],"collection":[{"href":"https:\/\/linitiative.ca\/International\/wp-json\/wp\/v2\/posts"}],"about":[{"href":"https:\/\/linitiative.ca\/International\/wp-json\/wp\/v2\/types\/post"}],"author":[{"embeddable":true,"href":"https:\/\/linitiative.ca\/International\/wp-json\/wp\/v2\/users\/1788"}],"replies":[{"embeddable":true,"href":"https:\/\/linitiative.ca\/International\/wp-json\/wp\/v2\/comments?post=61620"}],"version-history":[{"count":0,"href":"https:\/\/linitiative.ca\/International\/wp-json\/wp\/v2\/posts\/61620\/revisions"}],"wp:attachment":[{"href":"https:\/\/linitiative.ca\/International\/wp-json\/wp\/v2\/media?parent=61620"}],"wp:term":[{"taxonomy":"category","embeddable":true,"href":"https:\/\/linitiative.ca\/International\/wp-json\/wp\/v2\/categories?post=61620"},{"taxonomy":"post_tag","embeddable":true,"href":"https:\/\/linitiative.ca\/International\/wp-json\/wp\/v2\/tags?post=61620"}],"curies":[{"name":"wp","href":"https:\/\/api.w.org\/{rel}","templated":true}]}}