{"id":61621,"date":"2019-09-19T14:19:15","date_gmt":"2019-09-19T18:19:15","guid":{"rendered":"https:\/\/linitiative.ca\/International\/vers-une-mobilisation-accrue-des-operateurs-touristiques\/"},"modified":"2019-09-19T14:19:15","modified_gmt":"2019-09-19T18:19:15","slug":"vers-une-mobilisation-accrue-des-operateurs-touristiques","status":"publish","type":"post","link":"https:\/\/linitiative.ca\/International\/vers-une-mobilisation-accrue-des-operateurs-touristiques\/","title":{"rendered":"Vers une mobilisation accrue des op\u00e9rateurs touristiques"},"content":{"rendered":"<p>Cette rencontre \u00e0 laquelle ont pris part notamment le gouverneur de la province, Adil El Maliki, les repr\u00e9sentants des autorit\u00e9s locales, les associations professionnelles op\u00e9rant dans le secteur touristique, ainsi que des acteurs de la soci\u00e9t\u00e9 civile, a \u00e9t\u00e9 l\u2019occasion de passer en revue les grandes performances r\u00e9alis\u00e9es par la cit\u00e9 des Aliz\u00e9s durant les 8 premiers mois de l\u2019ann\u00e9e en cours.<\/p>\n<p>Cette journ\u00e9e a \u00e9t\u00e9 aussi riche en d\u00e9bats et en \u00e9changes sur les contraintes et dysfonctionnements qui lestent le d\u00e9veloppement de l\u2019activit\u00e9 touristique au niveau provincial, tout en permettant de passer en revue une s\u00e9rie de propositions et de moyens \u00e0 mettre en oeuvre en vue d\u2019aider\u00a0Essaouira\u00a0\u00e0 am\u00e9liorer encore plus ses performances \u00e0 l\u2019avenir et \u00e0 pr\u00e9server sa place de choix en tant que l\u2019une des destinations les plus pris\u00e9es \u00e0 l\u2019\u00e9chelle nationale comme sur le plan international.<\/p>\n<p>Dans une allocution de circonstance, M. El Maliki s\u2019est f\u00e9licit\u00e9 de la tenue de cette journ\u00e9e d\u2019information pour dresser un bilan de l\u2019activit\u00e9 touristique durant les 8 premiers mois de l\u2019ann\u00e9e en cours, avec un focus sur une saison estivale remarquable, tout en appelant l\u2019ensemble des op\u00e9rateurs et acteurs concern\u00e9s par le secteur touristique \u00e0 agir, la main dans la main, pour pr\u00e9server les acquis et consolider davantage l\u2019attractivit\u00e9 de la destination.<\/p>\n<p>\u00a0\u00bbNous devons travailler ensemble dans un esprit de coordination et d\u2019\u00e9change, adopter un discours franc et favoriser la transparence pour pouvoir transcender, collectivement, l\u2019ensemble des difficult\u00e9s et des contraintes pouvant freiner l\u2019essor touristique de la ville\u00a0\u00bb, a dit M. El Maliki, insistant sur la n\u00e9cessit\u00e9 de prioriser l\u2019int\u00e9r\u00eat g\u00e9n\u00e9ral de la destination et de la province sur toute autre consid\u00e9ration.<\/p>\n<p>Dans la foul\u00e9e, il a mis en avant l\u2019importance du Pavillon Bleu dont jouit la plage d\u2019Essaouira\u00a0en tant qu\u2019acquis qui requiert de tout un chacun parmi les op\u00e9rateurs et partenaires de se mobiliser pour le pr\u00e9server, avant de donner un aper\u00e7u d\u00e9taill\u00e9 sur l\u2019ensemble des activit\u00e9s et mesures prises pour l\u2019organisation et la valorisation de la plage d\u2019Essaouira\u00a0\u00e0 m\u00eame de la rendre plus attractive.<\/p>\n<p>L\u2019ambition dans un avenir proche est de pouvoir d\u00e9velopper d\u2019autres sites baln\u00e9aires dans les alentours de la cit\u00e9 des Aliz\u00e9s \u00e0 l\u2019image de \u00ab\u00a0Diabate\u00a0\u00bb, Moulay Bouzerktoune, Safi Beach, Sidi Kaouki. \u00ab\u00a0Nous avons un front de mer sous-exploit\u00e9 et nous devons travailler ensemble pour valoriser ces sites\u00a0\u00bb, a-t-il insist\u00e9.<\/p>\n<p>Il s\u2019est f\u00e9licit\u00e9 de voir la ville d\u2019Essaouira, ces derni\u00e8res ann\u00e9es, dans une tendance touristique haussi\u00e8re m\u00eame comparativement \u00e0 la moyenne nationale, invitant dans ce sens, l\u2019ensemble des acteurs concern\u00e9s \u00e0 redoubler d\u2019efforts via la capitalisation sur les acquis, la diversification des produits touristiques, la promotion du professionnalisme et de l\u2019excellence dans les diff\u00e9rentes prestations touristiques, et le respect des textes de loi en vigueur afin de contribuer au rayonnement de la destination.<\/p>\n<p>De son c\u00f4t\u00e9, le d\u00e9l\u00e9gu\u00e9 provincial du tourisme, Mouhcine Chafa\u00ef El Alaoui, a mis en avant la diversit\u00e9 et la richesse des potentialit\u00e9s touristiques, naturelles et culturelles dont regorge\u00a0Essaouira\u00a0et son arri\u00e8re-pays, ainsi que les efforts d\u00e9ploy\u00e9s par les autorit\u00e9s provinciales, les \u00e9lus et d\u2019autres acteurs pour booster davantage la destination.<\/p>\n<p>Chiffres \u00e0 l\u2019appui, M. Chafa\u00ef El Alaoui a fait savoir que la ville d\u2019Essaouira\u00a0a enregistr\u00e9 durant la p\u00e9riode allant de janvier \u00e0 ao\u00fbt de l\u2019ann\u00e9e en cours quelque 153.693 arriv\u00e9es dans les h\u00f4tels class\u00e9s de la ville contre seulement 140.816 durant la m\u00eame p\u00e9riode de l\u2019ann\u00e9e \u00e9coul\u00e9e, soit une hausse de 9%.<\/p>\n<p>Ce nombre d\u2019arriv\u00e9es s\u2019est accompagn\u00e9 d\u2019un nombre de nuit\u00e9es estim\u00e9 \u00e0 quelque 358.097 durant les 8 premiers mois de 2019, soit une hausse de 8% comparativement \u00e0 la m\u00eame p\u00e9riode de 2018, o\u00f9 ce chiffre a \u00e9t\u00e9 de l\u2019ordre de 332.676 nuit\u00e9es.<\/p>\n<p>Il a indiqu\u00e9 \u00e9galement que la dur\u00e9e moyenne de s\u00e9jour \u00e0\u00a0Essaouira\u00a0est de 2,4 jours, pla\u00e7ant la cit\u00e9 des Aliz\u00e9s en 6\u00e8 position \u00e0 l\u2019\u00e9chelle nationale, notant que la moyenne la plus \u00e9lev\u00e9e est attribu\u00e9 au march\u00e9 belge, suivi notamment de la France, du Royaume-Uni, de la Hollande et de l\u2019Allemagne.<\/p>\n<p>M. Chafa\u00ef El Alaoui a donn\u00e9 aussi un aper\u00e7u sur la campagne de r\u00e9gularisation des \u00e9tablissements d\u2019h\u00e9bergement touristique non autoris\u00e9s, avant de faire le point sur l\u2019activit\u00e9 du tourisme rural et de la nature au niveau de la province, ainsi sur le programme compl\u00e9mentaire de r\u00e9habilitation et de mise en valeur de la M\u00e9dina d\u2019Essaouira, dans le cadre duquel il sera proc\u00e9d\u00e9 \u00e0 l\u2019am\u00e9nagement de trois circuits touristiques, ce qui renforcera l\u2019attractivit\u00e9 de cette cit\u00e9 ainsi que son positionnement culturel.<\/p>\n<p>M. Redwane Khanne, pr\u00e9sident du Conseil Provincial du Tourisme (CPT), a dit toute sa joie et sa fiert\u00e9 de prendre part \u00e0 cette journ\u00e9e pour faire le point avec l\u2019ensemble des acteurs concern\u00e9s par le secteur touristique sur les diff\u00e9rents atouts et potentialit\u00e9s que rec\u00e8le la province ainsi que sur les grandes performances touristiques r\u00e9alis\u00e9es par\u00a0Essaouira\u00a0tout au long de l\u2019ann\u00e9e en cours.<\/p>\n<p>\u00ab\u00a0L\u2019augmentation du nombre des arriv\u00e9es et des nuit\u00e9es enregistr\u00e9es dans les h\u00f4tels class\u00e9s de la ville durant ces 8 premiers mois est un signe positif et rassurant \u00e0 m\u00eame de nous amener \u00e0 doubler d\u2019efforts\u00a0\u00bb, a-t-il dit, citant \u00e0 titre d\u2019exemple le taux de croissance du tourisme variant entre 4 et 6% selon l\u2019Organisation Mondiale du Tourisme, alors que la ville d\u2019Essaouira\u00a0est \u00e0 8%.<\/p>\n<p>\u00ab\u00a0Dans le cadre de notre d\u00e9marche au sein du CPT, nous avons choisi d\u2019inviter tous les acteurs \u00e0 s\u2019inscrire dans une dynamique durable en faveur du secteur touristique\u00a0\u00bb, a-t-il poursuivi, mettant en avant les efforts d\u00e9ploy\u00e9s par l\u2019Office National Marocain du Tourisme (ONMT) pour soutenir la destination.<\/p>\n<p>Il a, dans ce sens, annonc\u00e9 la r\u00e9ouverture d\u00e8s fin octobre prochain de trois lignes a\u00e9riennes devant relier\u00a0Essaouira\u00a0aux villes de Marseille, Londres et de Bruxelles, ce qui permettra d\u2019insuffler une nouvelle dynamique \u00e0 la cit\u00e9 des Aliz\u00e9s en termes d\u2019arriv\u00e9es et de nuit\u00e9es.<\/p>\n<p>Tarik Ottmani, vice-maire de la ville d\u2019Essaouira, a mis en relief l\u2019int\u00e9r\u00eat tout particulier qu\u2019accorde le conseil communal \u00e0 la promotion de la destination et au renforcement de l\u2019attractivit\u00e9 de la ville, passant en revue une s\u00e9rie de projets concernant l\u2019assainissement, le nettoyage, l\u2019\u00e9clairage public et l\u2019am\u00e9nagement des espaces publics et verts pour permettre \u00e0\u00a0Essaouira\u00a0de s\u2019\u00e9riger comme capitale incontournable du tourisme \u00e0 l\u2019\u00e9chelle nationale comme sur l\u2019\u00e9chiquier international.<\/p>\n<p>Par la m\u00eame occasion, il a insist\u00e9 sur l\u2019importance du programme compl\u00e9mentaire de r\u00e9habilitation et de mise en valeur de la m\u00e9dina d\u2019Essaouira\u00a0et son r\u00f4le dans l\u2019attractivit\u00e9 de la cit\u00e9 des Aliz\u00e9s et la pr\u00e9servation du patrimoine de cette cit\u00e9 monde, r\u00e9it\u00e9rant l\u2019engagement du conseil ainsi que des acteurs de la soci\u00e9t\u00e9 civile \u00e0 s\u2019inscrire dans cette dynamique de d\u00e9veloppement que conna\u00eet la province.<\/p>\n<p>Par la suite, l\u2019assistance a suivi un expos\u00e9 sur le tourisme baln\u00e9aire et la gestion des plages \u00e0 la province d\u2019Essaouira.<\/p>\n<p>Les travaux de cette journ\u00e9e ont \u00e9t\u00e9 ponctu\u00e9s par la cr\u00e9ation de trois \u00e9quipes de travail : l\u2019\u00e9quipe de travail \u00a0\u00bbinformel\u00a0\u00bb, celle de la \u00a0\u00bbgouvernance\u00a0\u00bb et l\u2019\u00e9quipe de travail \u00a0\u00bbmarketing, communication, produit et strat\u00e9gie de d\u00e9veloppement\u00a0\u00bb, qui devront tenir des r\u00e9unions p\u00e9riodiques pour d\u00e9battre et \u00e9changer autour de toutes les questions touchant le secteur.<\/p>\n<p>Auteur: Mohammed KOURSI<br \/>\n<a href=\"http:\/\/www.mapmarrakech.ma\/fr\/vers-une-mobilisation-des-operateurs-touristiques-a-essaouira\/\">Cliquez ici pour lire l&rsquo;article depuis sa source.<\/a><\/p>\n","protected":false},"excerpt":{"rendered":"<p>Cette rencontre \u00e0 laquelle ont pris part notamment le gouverneur de la province, Adil El Maliki, les repr\u00e9sentants des autorit\u00e9s locales, les associations professionnelles op\u00e9rant dans le secteur touristique, ainsi que des acteurs de la soci\u00e9t\u00e9 civile, a \u00e9t\u00e9 l\u2019occasion de passer en revue les grandes performances r\u00e9alis\u00e9es par la cit\u00e9 des Aliz\u00e9s durant les [&hellip;]<\/p>\n","protected":false},"author":1788,"featured_media":0,"comment_status":"closed","ping_status":"closed","sticky":false,"template":"","format":"standard","meta":{"fifu_image_url":"","fifu_image_alt":"","footnotes":""},"categories":[54,76],"tags":[],"class_list":["post-61621","post","type-post","status-publish","format-standard","hentry","category-maroc","category-regions"],"_links":{"self":[{"href":"https:\/\/linitiative.ca\/International\/wp-json\/wp\/v2\/posts\/61621","targetHints":{"allow":["GET"]}}],"collection":[{"href":"https:\/\/linitiative.ca\/International\/wp-json\/wp\/v2\/posts"}],"about":[{"href":"https:\/\/linitiative.ca\/International\/wp-json\/wp\/v2\/types\/post"}],"author":[{"embeddable":true,"href":"https:\/\/linitiative.ca\/International\/wp-json\/wp\/v2\/users\/1788"}],"replies":[{"embeddable":true,"href":"https:\/\/linitiative.ca\/International\/wp-json\/wp\/v2\/comments?post=61621"}],"version-history":[{"count":0,"href":"https:\/\/linitiative.ca\/International\/wp-json\/wp\/v2\/posts\/61621\/revisions"}],"wp:attachment":[{"href":"https:\/\/linitiative.ca\/International\/wp-json\/wp\/v2\/media?parent=61621"}],"wp:term":[{"taxonomy":"category","embeddable":true,"href":"https:\/\/linitiative.ca\/International\/wp-json\/wp\/v2\/categories?post=61621"},{"taxonomy":"post_tag","embeddable":true,"href":"https:\/\/linitiative.ca\/International\/wp-json\/wp\/v2\/tags?post=61621"}],"curies":[{"name":"wp","href":"https:\/\/api.w.org\/{rel}","templated":true}]}}