{"id":61626,"date":"2019-09-19T09:15:30","date_gmt":"2019-09-19T13:15:30","guid":{"rendered":"https:\/\/linitiative.ca\/International\/une-commission-denquete-sur-lincident-de-oued-rhiou-a-relizane\/"},"modified":"2019-09-19T09:15:30","modified_gmt":"2019-09-19T13:15:30","slug":"une-commission-denquete-sur-lincident-de-oued-rhiou-a-relizane","status":"publish","type":"post","link":"https:\/\/linitiative.ca\/International\/une-commission-denquete-sur-lincident-de-oued-rhiou-a-relizane\/","title":{"rendered":"Une commission d&rsquo;enqu\u00eate sur l&rsquo;incident\u00a0de Oued Rhiou \u00e0 Relizane"},"content":{"rendered":"<div>\n<div class=\"K2FeedImage\"><img decoding=\"async\" src=\"http:\/\/www.aps.dz\/media\/k2\/items\/cache\/6528207fcedcce35654be55197a20b7f_S.jpg\" alt=\"Une commission d'enqu\u00eate sur l'incident\u00a0de Oued Rhiou \u00e0 Relizane\"><\/div>\n<div class=\"K2FeedIntroText\">\n<p><strong>ALGER &#8211; Le ministre de l&rsquo;Int\u00e9rieur, des Collectivit\u00e9s locales et de l&rsquo;Am\u00e9nagement du territoire, Salah-Eddine Dahmoune, a ordonn\u00e9 l&rsquo;envoi d&rsquo;une commission d&rsquo;enqu\u00eate de la Direction g\u00e9n\u00e9rale de la s\u00fbret\u00e9 nationale (DGSN) pour \u00ab\u00a0d\u00e9terminer les tenants et aboutissants\u00a0\u00bb de l&rsquo;incident survenu dans la commune de Oued Rhiou dans la wilaya de Relizane, a indiqu\u00e9 jeudi un communiqu\u00e9 du minist\u00e8re.<\/strong><\/p>\n<\/div>\n<div class=\"K2FeedFullText\">\n<blockquote>\n<p><em><strong>\u00ab\u00a0Le ministre de l&rsquo;Int\u00e9rieur, des Collectivit\u00e9s locales et de l&rsquo;Am\u00e9nagement du territoire d\u00e9plore profond\u00e9ment le regrettable incident survenu dans la commune de Oued Rhiou dans la wilaya de Relizane, et pr\u00e9sente ses sinc\u00e8res condol\u00e9ances aux familles des victimes\u00a0\u00bb, a pr\u00e9cise le communiqu\u00e9, ajoutant que le ministre a ordonn\u00e9 \u00ab\u00a0l&rsquo;envoi d&rsquo;une com<\/strong><strong>mission d&rsquo;enqu\u00eate de la Direction g\u00e9n\u00e9rale de la s\u00fbret\u00e9 nationale (DGSN) pour enqu\u00eater sur les tenants et aboutissants et d\u00e9terminer les responsabilit\u00e9s conform\u00e9ment \u00e0 la loi et aux mesures qui seront prises par la justice\u00a0\u00bb dans cette affaire.<\/strong><\/em><\/p>\n<\/blockquote>\n<p>Le ministre de l&rsquo;Int\u00e9rieur a, par ailleurs, appel\u00e9 \u00e0 la retenue et \u00e0 la sagesse en attendant les r\u00e9sultats des enqu\u00eates diligent\u00e9es par les services de s\u00e9curit\u00e9 et les juridictions comp\u00e9tentes au niveau de cette commune, a soulign\u00e9 la m\u00eame source.<\/p>\n<hr>\n<h3 class=\"catItemTitle\"><strong><span style=\"color: #000000;\">Lire aussi:<\/span><\/strong>\u00a0<a href=\"http:\/\/www.aps.dz\/regions\/94591-une-enquete-et-une-expertise-pour-determiner-les-circonstances-de-l-incident-de-oud-r-hiou-dgsn\">Une enqu\u00eate et une expertise pour d\u00e9terminer les circonstances de l&rsquo;incident de Oud R&rsquo;hiou<\/a><\/h3>\n<hr>\n<p>Une \u00e9meute a \u00e9clat\u00e9, dans la nuit de mercredi \u00e0 jeudi, devant le si\u00e8ge de la s\u00fbret\u00e9 de Da\u00efra de la ville de Oued Rhiou, qui s&rsquo;est sold\u00e9e par la mort de deux (2) jeunes, 14 bless\u00e9s et la destruction d&rsquo;\u00e9quipements publics \u00e0 proximit\u00e9 de la S\u00fbret\u00e9 de Da\u00efra, notamment la devanture de la Banque de l&rsquo;Agriculture et du d\u00e9veloppement rural (BADR) et le Distributeur automatique de billets (DAB) du bureau d&rsquo;Alg\u00e9rie Poste.<\/p>\n<\/div>\n<\/div>\n<p>Auteur:<br \/>\n<a href=\"http:\/\/www.aps.dz\/regions\/94589-le-ministre-de-l-interieur-depeche-une-commission-d-enquete-sur-l-incident-de-oued-rhiou-a-relizane\">Cliquez ici pour lire l&rsquo;article depuis sa source.<\/a><\/p>\n","protected":false},"excerpt":{"rendered":"<p>ALGER &#8211; Le ministre de l&rsquo;Int\u00e9rieur, des Collectivit\u00e9s locales et de l&rsquo;Am\u00e9nagement du territoire, Salah-Eddine Dahmoune, a ordonn\u00e9 l&rsquo;envoi d&rsquo;une commission d&rsquo;enqu\u00eate de la Direction g\u00e9n\u00e9rale de la s\u00fbret\u00e9 nationale (DGSN) pour \u00ab\u00a0d\u00e9terminer les tenants et aboutissants\u00a0\u00bb de l&rsquo;incident survenu dans la commune de Oued Rhiou dans la wilaya de Relizane, a indiqu\u00e9 jeudi un [&hellip;]<\/p>\n","protected":false},"author":1790,"featured_media":61627,"comment_status":"closed","ping_status":"closed","sticky":false,"template":"","format":"standard","meta":{"fifu_image_url":"","fifu_image_alt":"","footnotes":""},"categories":[53,76],"tags":[],"class_list":["post-61626","post","type-post","status-publish","format-standard","has-post-thumbnail","hentry","category-algerie","category-regions"],"_links":{"self":[{"href":"https:\/\/linitiative.ca\/International\/wp-json\/wp\/v2\/posts\/61626","targetHints":{"allow":["GET"]}}],"collection":[{"href":"https:\/\/linitiative.ca\/International\/wp-json\/wp\/v2\/posts"}],"about":[{"href":"https:\/\/linitiative.ca\/International\/wp-json\/wp\/v2\/types\/post"}],"author":[{"embeddable":true,"href":"https:\/\/linitiative.ca\/International\/wp-json\/wp\/v2\/users\/1790"}],"replies":[{"embeddable":true,"href":"https:\/\/linitiative.ca\/International\/wp-json\/wp\/v2\/comments?post=61626"}],"version-history":[{"count":0,"href":"https:\/\/linitiative.ca\/International\/wp-json\/wp\/v2\/posts\/61626\/revisions"}],"wp:featuredmedia":[{"embeddable":true,"href":"https:\/\/linitiative.ca\/International\/wp-json\/"}],"wp:attachment":[{"href":"https:\/\/linitiative.ca\/International\/wp-json\/wp\/v2\/media?parent=61626"}],"wp:term":[{"taxonomy":"category","embeddable":true,"href":"https:\/\/linitiative.ca\/International\/wp-json\/wp\/v2\/categories?post=61626"},{"taxonomy":"post_tag","embeddable":true,"href":"https:\/\/linitiative.ca\/International\/wp-json\/wp\/v2\/tags?post=61626"}],"curies":[{"name":"wp","href":"https:\/\/api.w.org\/{rel}","templated":true}]}}