{"id":61642,"date":"2019-09-19T15:14:14","date_gmt":"2019-09-19T19:14:14","guid":{"rendered":"https:\/\/linitiative.ca\/International\/pros-as-monaco-mauvaise-nouvelle-pour-slimani\/"},"modified":"2019-09-19T15:14:14","modified_gmt":"2019-09-19T19:14:14","slug":"pros-as-monaco-mauvaise-nouvelle-pour-slimani","status":"publish","type":"post","link":"https:\/\/linitiative.ca\/International\/pros-as-monaco-mauvaise-nouvelle-pour-slimani\/","title":{"rendered":"Pros : AS Monaco: Mauvaise nouvelle pour Slimani ?"},"content":{"rendered":"<div readability=\"32\">\n<p>Auteur : <span class=\"time\">jeudi 19 septembre 2019 15:47<\/span><\/p>\n<\/div>\n<div id=\"post_core\" readability=\"46\">\n<p>Avec deux nuls et trois d\u00e9faites en cinq sorties en Ligue 1, les Rouge-et-Blanc de Monaco connaissent une entame de saison 2019-2020 on ne peut plus d\u00e9licate et d\u00e9cevante. Samedi soir, ils se d\u00e9placeront en Champagne, sur la pelouse du Stade de Reims, pour tenter de d\u00e9bloquer leur compteur victoire. Une t\u00e2che qui ne sera pas simple pour les prot\u00e9g\u00e9s de Leonardo Jardim, qui devront vraisemblablement faire sans leur duo d&rsquo;attaque Wissam Ben Yedder &#8211; Islam Slimani. Le premier nomm\u00e9 (3 buts en 4 matches) souffre d\u2019un h\u00e9matome \u00e0 la hanche, tandis que l&rsquo;international alg\u00e9rien (3 r\u00e9alisations en 3 rencontres) a ressenti une g\u00eane au mollet, r\u00e9v\u00e8le le communiqu\u00e9 m\u00e9dical publi\u00e9 par la formation du Rocher en ce jeudi apr\u00e8s-midi. Pietro Pellegri, Willem Geubbels et Stevan Jovetic, qui poursuivent leur r\u00e9athl\u00e9tisation, manqueront aussi \u00e0 l&rsquo;appel face aux hommes de David Guion. Enfin, Benjamin Henrichs et Danijel Subasic sont en entra\u00eenement adapt\u00e9 rapporte madeinfoot.com.<\/p>\n<p><strong>Publi\u00e9 dans :<\/strong> <span>slimani<\/span><\/p>\n<\/div>\n<p>Auteur:<br \/>\n<a href=\"http:\/\/www.lebuteur.com\/article\/detail?titre=as-monaco-mauvaise-nouvelle-pour-slimani&#038;id=91786&#038;utm_source=feedburner&#038;utm_medium=feed&#038;utm_campaign=Feed%3A+GalerieFArtciles+%28Les+derniers+articles++-+lebuteur.com%29\">Cliquez ici pour lire l&rsquo;article depuis sa source.<\/a><\/p>\n","protected":false},"excerpt":{"rendered":"<p>Auteur : jeudi 19 septembre 2019 15:47 Avec deux nuls et trois d\u00e9faites en cinq sorties en Ligue 1, les Rouge-et-Blanc de Monaco connaissent une entame de saison 2019-2020 on ne peut plus d\u00e9licate et d\u00e9cevante. Samedi soir, ils se d\u00e9placeront en Champagne, sur la pelouse du Stade de Reims, pour tenter de d\u00e9bloquer leur [&hellip;]<\/p>\n","protected":false},"author":1738,"featured_media":61643,"comment_status":"closed","ping_status":"closed","sticky":false,"template":"","format":"standard","meta":{"fifu_image_url":"","fifu_image_alt":"","footnotes":""},"categories":[53,75],"tags":[],"class_list":["post-61642","post","type-post","status-publish","format-standard","has-post-thumbnail","hentry","category-algerie","category-sport"],"_links":{"self":[{"href":"https:\/\/linitiative.ca\/International\/wp-json\/wp\/v2\/posts\/61642","targetHints":{"allow":["GET"]}}],"collection":[{"href":"https:\/\/linitiative.ca\/International\/wp-json\/wp\/v2\/posts"}],"about":[{"href":"https:\/\/linitiative.ca\/International\/wp-json\/wp\/v2\/types\/post"}],"author":[{"embeddable":true,"href":"https:\/\/linitiative.ca\/International\/wp-json\/wp\/v2\/users\/1738"}],"replies":[{"embeddable":true,"href":"https:\/\/linitiative.ca\/International\/wp-json\/wp\/v2\/comments?post=61642"}],"version-history":[{"count":0,"href":"https:\/\/linitiative.ca\/International\/wp-json\/wp\/v2\/posts\/61642\/revisions"}],"wp:featuredmedia":[{"embeddable":true,"href":"https:\/\/linitiative.ca\/International\/wp-json\/"}],"wp:attachment":[{"href":"https:\/\/linitiative.ca\/International\/wp-json\/wp\/v2\/media?parent=61642"}],"wp:term":[{"taxonomy":"category","embeddable":true,"href":"https:\/\/linitiative.ca\/International\/wp-json\/wp\/v2\/categories?post=61642"},{"taxonomy":"post_tag","embeddable":true,"href":"https:\/\/linitiative.ca\/International\/wp-json\/wp\/v2\/tags?post=61642"}],"curies":[{"name":"wp","href":"https:\/\/api.w.org\/{rel}","templated":true}]}}