{"id":61644,"date":"2019-09-19T15:14:15","date_gmt":"2019-09-19T19:14:15","guid":{"rendered":"https:\/\/linitiative.ca\/International\/equipe-dalgerie-amical-algerie-colombie-se-disputera-le-15-octobre-a-lille\/"},"modified":"2019-09-19T15:14:15","modified_gmt":"2019-09-19T19:14:15","slug":"equipe-dalgerie-amical-algerie-colombie-se-disputera-le-15-octobre-a-lille","status":"publish","type":"post","link":"https:\/\/linitiative.ca\/International\/equipe-dalgerie-amical-algerie-colombie-se-disputera-le-15-octobre-a-lille\/","title":{"rendered":"Equipe d&rsquo;Alg\u00e9rie : Amical: Alg\u00e9rie-Colombie se disputera le 15 octobre \u00e0 Lille"},"content":{"rendered":"<div readability=\"32\">\n<p>Auteur : <span class=\"time\">jeudi 19 septembre 2019 15:51<\/span><\/p>\n<\/div>\n<div id=\"post_core\" readability=\"48\">\n<p>Le match amical entre l&rsquo;Alg\u00e9rie et la Colombie aura lieu le mardi 15 octobre \u00e0 Lille, au stade Pierre-Mauroy. Le coup d&rsquo;envoi sera donn\u00e9 \u00e0 21 heures. C&rsquo;est d\u00e9sormais une chose acquise : l&rsquo;Alg\u00e9rie, championne d&rsquo;Afrique en titre, affrontera la Colombie en match amical, \u00e0 Lille, comme la presse colombienne l&rsquo;avait laiss\u00e9 entendre. La premi\u00e8re rencontre entre les deux s\u00e9lections aura lieu au stade Pierre-Mauroy, le mardi 15 octobre, \u00e0 21 heures. La FFF a donn\u00e9 son accord, ainsi que la Ville de Lille et la Pr\u00e9fecture du Nord. Celui du LOSC est quant \u00e0 lui attendu dans les prochaines heures. Cela fait presque onze ans que l&rsquo;Alg\u00e9rie n&rsquo;a pas disput\u00e9 un match sur le sol fran\u00e7ais. Le 18 novembre 2008, les Fennecs avaient rencontr\u00e9 les Aigles du Mali au stade Robert-Diochon de Rouen (1-1). \u00c0 noter que l&rsquo;Alg\u00e9rie disputera probablement un autre match amical lors de cette deuxi\u00e8me tr\u00eave internationale, le 10 ou le 11 octobre, probablement \u00e0 domicile et face \u00e0 une s\u00e9lection africaine rapporte L\u2019Equipe.fr.<\/p>\n<p><strong>Publi\u00e9 dans :<\/strong> <span>algerie<\/span> <span>Colombie<\/span><\/p>\n<\/div>\n<p>Auteur:<br \/>\n<a href=\"http:\/\/www.lebuteur.com\/article\/detail?titre=amical-algerie-colombie-se-disputera-le-15-octobre-a-lille&#038;id=91787&#038;utm_source=feedburner&#038;utm_medium=feed&#038;utm_campaign=Feed%3A+GalerieFArtciles+%28Les+derniers+articles++-+lebuteur.com%29\">Cliquez ici pour lire l&rsquo;article depuis sa source.<\/a><\/p>\n","protected":false},"excerpt":{"rendered":"<p>Auteur : jeudi 19 septembre 2019 15:51 Le match amical entre l&rsquo;Alg\u00e9rie et la Colombie aura lieu le mardi 15 octobre \u00e0 Lille, au stade Pierre-Mauroy. Le coup d&rsquo;envoi sera donn\u00e9 \u00e0 21 heures. C&rsquo;est d\u00e9sormais une chose acquise : l&rsquo;Alg\u00e9rie, championne d&rsquo;Afrique en titre, affrontera la Colombie en match amical, \u00e0 Lille, comme la [&hellip;]<\/p>\n","protected":false},"author":1738,"featured_media":61645,"comment_status":"closed","ping_status":"closed","sticky":false,"template":"","format":"standard","meta":{"fifu_image_url":"","fifu_image_alt":"","footnotes":""},"categories":[53,75],"tags":[],"class_list":["post-61644","post","type-post","status-publish","format-standard","has-post-thumbnail","hentry","category-algerie","category-sport"],"_links":{"self":[{"href":"https:\/\/linitiative.ca\/International\/wp-json\/wp\/v2\/posts\/61644","targetHints":{"allow":["GET"]}}],"collection":[{"href":"https:\/\/linitiative.ca\/International\/wp-json\/wp\/v2\/posts"}],"about":[{"href":"https:\/\/linitiative.ca\/International\/wp-json\/wp\/v2\/types\/post"}],"author":[{"embeddable":true,"href":"https:\/\/linitiative.ca\/International\/wp-json\/wp\/v2\/users\/1738"}],"replies":[{"embeddable":true,"href":"https:\/\/linitiative.ca\/International\/wp-json\/wp\/v2\/comments?post=61644"}],"version-history":[{"count":0,"href":"https:\/\/linitiative.ca\/International\/wp-json\/wp\/v2\/posts\/61644\/revisions"}],"wp:featuredmedia":[{"embeddable":true,"href":"https:\/\/linitiative.ca\/International\/wp-json\/"}],"wp:attachment":[{"href":"https:\/\/linitiative.ca\/International\/wp-json\/wp\/v2\/media?parent=61644"}],"wp:term":[{"taxonomy":"category","embeddable":true,"href":"https:\/\/linitiative.ca\/International\/wp-json\/wp\/v2\/categories?post=61644"},{"taxonomy":"post_tag","embeddable":true,"href":"https:\/\/linitiative.ca\/International\/wp-json\/wp\/v2\/tags?post=61644"}],"curies":[{"name":"wp","href":"https:\/\/api.w.org\/{rel}","templated":true}]}}