{"id":61651,"date":"2019-09-19T09:15:48","date_gmt":"2019-09-19T13:15:48","guid":{"rendered":"https:\/\/linitiative.ca\/International\/94587-classement-fifa-l-algerie-remonte-a-la-38e-position-mondiale\/"},"modified":"2019-09-19T09:15:48","modified_gmt":"2019-09-19T13:15:48","slug":"94587-classement-fifa-l-algerie-remonte-a-la-38e-position-mondiale","status":"publish","type":"post","link":"https:\/\/linitiative.ca\/International\/94587-classement-fifa-l-algerie-remonte-a-la-38e-position-mondiale\/","title":{"rendered":"Classement FIFA: l&rsquo;Alg\u00e9rie remonte \u00e0 la 38e position mondiale"},"content":{"rendered":"<div>\n<div class=\"K2FeedImage\"><img decoding=\"async\" src=\"http:\/\/www.aps.dz\/media\/k2\/items\/cache\/bff1e09899da8e6be8a911a5ade52d25_S.jpg\" alt=\"Classement FIFA: l'Alg\u00e9rie remonte \u00e0 la 38e position mondiale\"><\/div>\n<div class=\"K2FeedIntroText\">\n<p><strong>ZURICH &#8211; L&rsquo;Alg\u00e9rie a gagn\u00e9 deux places et occupe le 38e rang au classement FIFA du mois de septembre publi\u00e9 jeudi par l&rsquo;instance internationale sur son site officiel.<\/strong><\/p>\n<\/div>\n<div class=\"K2FeedFullText\">\n<p>Les champions d&rsquo;Afrique 2019 restent sur un succ\u00e8s \u00e9triqu\u00e9 en match amical contre le B\u00e9nin (1-0) disput\u00e9 le 9 septembre dernier au stade 5-Juillet d&rsquo;Alger.<\/p>\n<blockquote>\n<p><em><strong>Au niveau africain, les hommes de Djamel Belmadi sont log\u00e9s \u00e0 la quatri\u00e8me position proche du podium, domin\u00e9 toujours par le S\u00e9n\u00e9gal (20e), la Tunisie (29e) et le Nigeria (29e).<\/strong><\/em><\/p>\n<\/blockquote>\n<p>L&rsquo;Alg\u00e9rie avait fait un bond de 28 places lors du classement FIFA du mois de juillet dernier suite \u00e0 son triomphe en finale de la Coupe d&rsquo;Afrique des nations 2019 en Egypte.<\/p>\n<p>La Zambie, premier adversaire de l&rsquo;Alg\u00e9rie dans les \u00e9liminatoires de la Coupe d&rsquo;Afrique des nations CAN-2021, dont la premi\u00e8re journ\u00e9e est pr\u00e9vue d\u00e9but novembre, reste scotch\u00e9e \u00e0 la 81e place tandis que le Botswana, l&rsquo;autre adversaire des \u00ab\u00a0Verts\u00a0\u00bb et dirig\u00e9 par l&rsquo;Alg\u00e9rien Adel Amrouche, perd une place et occupe la 148e position.<\/p>\n<p>Quant au Zimbabwe, le 3e adversaire dans le groupe H, il est log\u00e9 \u00e0 la 118e position (-6).<\/p>\n<p>D&rsquo;autre part, la Belgique conserve la premi\u00e8re place du classement mondial \u00e0 l\u2019issue de derni\u00e8res semaines charg\u00e9es qui ont vu se d\u00e9rouler non moins de 78 rencontres amicales, 74 duels qualificatifs continentaux et 60 matches de qualification pour la Coupe du monde Qatar-2022.<\/p>\n<p>Si la composition du Top 10 reste inchang\u00e9e, plusieurs changements de position sont \u00e0 noter. La France (2e, +1), championne du monde en titre, retrouve la deuxi\u00e8me place aux d\u00e9pens du Br\u00e9sil (3e, -1), tandis que la meilleure progression au sein du Top 10 revient \u00e0 l\u2019Espagne (7e, +2).<\/p>\n<blockquote>\n<p><em><strong>Parmi les autres nations en vue, il convient de citer la Jama\u00efque (47e, +5), qui fait son entr\u00e9e dans le Top 50, la R\u00e9publique d&rsquo;Irlande (28e, +4), la Russie (42e, +4), le Guatemala (133e, +11), le Suriname (142e, +9), Montserrat (187e, +9) et Djibouti (186e, +9) qui s\u2019est r\u00e9cemment d\u00e9fait de l\u2019Eswatini (150e, -11) en matches aller-retour pour d\u00e9crocher une deuxi\u00e8me qualification pour le deuxi\u00e8me tour des \u00e9liminatoires africaines pour la Coupe du monde.<\/strong><\/em><\/p>\n<\/blockquote>\n<p>Le prochain classement mondial FIFA sera publi\u00e9 le 24 octobre 2019.<\/p>\n<p>\u00a0<\/p>\n<p><strong>Top 10 africain<\/strong><\/p>\n<p><strong>\u00a0<\/strong><\/p>\n<p>1- S\u00e9n\u00e9gal (20e au niveau mondial)<\/p>\n<p>2- Tunisie (29e)<\/p>\n<p>3- Nigeria (34e)<\/p>\n<p>4- Alg\u00e9rie (38e)<\/p>\n<p>5- Maroc (39e)<\/p>\n<p>6- Egypte (49e)<\/p>\n<p>7- Ghana (51e)<\/p>\n<p>8- Cameroun (53e)<\/p>\n<p>9- RD Congo (56e)<\/p>\n<p>\u00a0<\/p>\n<\/div>\n<p><img loading=\"lazy\" decoding=\"async\" src=\"http:\/\/feeds.feedburner.com\/~r\/aps-sport\/~4\/nr2tEBNneTs\" height=\"1\" width=\"1\" alt=\"\"><\/div>\n<p>Auteur:<br \/>\n<a href=\"http:\/\/www.aps.dz\/sport\/94587-classement-fifa-l-algerie-remonte-a-la-38e-position-mondiale?utm_source=feedburner&#038;utm_medium=feed&#038;utm_campaign=Feed%3A+aps-sport+%28APS+-+SPORT%29\">Cliquez ici pour lire l&rsquo;article depuis sa source.<\/a><\/p>\n","protected":false},"excerpt":{"rendered":"<p>ZURICH &#8211; L&rsquo;Alg\u00e9rie a gagn\u00e9 deux places et occupe le 38e rang au classement FIFA du mois de septembre publi\u00e9 jeudi par l&rsquo;instance internationale sur son site officiel. Les champions d&rsquo;Afrique 2019 restent sur un succ\u00e8s \u00e9triqu\u00e9 en match amical contre le B\u00e9nin (1-0) disput\u00e9 le 9 septembre dernier au stade 5-Juillet d&rsquo;Alger. Au niveau [&hellip;]<\/p>\n","protected":false},"author":1790,"featured_media":61652,"comment_status":"closed","ping_status":"closed","sticky":false,"template":"","format":"standard","meta":{"fifu_image_url":"","fifu_image_alt":"","footnotes":""},"categories":[53,75],"tags":[],"class_list":["post-61651","post","type-post","status-publish","format-standard","has-post-thumbnail","hentry","category-algerie","category-sport"],"_links":{"self":[{"href":"https:\/\/linitiative.ca\/International\/wp-json\/wp\/v2\/posts\/61651","targetHints":{"allow":["GET"]}}],"collection":[{"href":"https:\/\/linitiative.ca\/International\/wp-json\/wp\/v2\/posts"}],"about":[{"href":"https:\/\/linitiative.ca\/International\/wp-json\/wp\/v2\/types\/post"}],"author":[{"embeddable":true,"href":"https:\/\/linitiative.ca\/International\/wp-json\/wp\/v2\/users\/1790"}],"replies":[{"embeddable":true,"href":"https:\/\/linitiative.ca\/International\/wp-json\/wp\/v2\/comments?post=61651"}],"version-history":[{"count":0,"href":"https:\/\/linitiative.ca\/International\/wp-json\/wp\/v2\/posts\/61651\/revisions"}],"wp:featuredmedia":[{"embeddable":true,"href":"https:\/\/linitiative.ca\/International\/wp-json\/"}],"wp:attachment":[{"href":"https:\/\/linitiative.ca\/International\/wp-json\/wp\/v2\/media?parent=61651"}],"wp:term":[{"taxonomy":"category","embeddable":true,"href":"https:\/\/linitiative.ca\/International\/wp-json\/wp\/v2\/categories?post=61651"},{"taxonomy":"post_tag","embeddable":true,"href":"https:\/\/linitiative.ca\/International\/wp-json\/wp\/v2\/tags?post=61651"}],"curies":[{"name":"wp","href":"https:\/\/api.w.org\/{rel}","templated":true}]}}