{"id":61667,"date":"2019-09-19T09:57:00","date_gmt":"2019-09-19T13:57:00","guid":{"rendered":"https:\/\/linitiative.ca\/International\/tunis-abrite-ce-lundi-la-3eme-journee-huawei-de-linnovation-technologique-en-afrique-du-nord\/"},"modified":"2019-09-19T09:57:00","modified_gmt":"2019-09-19T13:57:00","slug":"tunis-abrite-ce-lundi-la-3eme-journee-huawei-de-linnovation-technologique-en-afrique-du-nord","status":"publish","type":"post","link":"https:\/\/linitiative.ca\/International\/tunis-abrite-ce-lundi-la-3eme-journee-huawei-de-linnovation-technologique-en-afrique-du-nord\/","title":{"rendered":"Tunis abrite ce lundi la 3\u00e8me journ\u00e9e Huawei de l\u2019innovation technologique en Afrique du Nord"},"content":{"rendered":"<p>L\u2019innovation technologique en levier puissant d\u2019une totale connectivit\u00e9 en Afrique et dans le monde arabe: tel est le th\u00e8me de la Journ\u00e9e nord-africaine de l\u2019innovation qui tiendra \u00e0 Tunis ce lundi 23 septembre, pour sa troisi\u00e8me session cons\u00e9cutive. Organis\u00e9e par Huawei, sous le patronage du minist\u00e8re des Technologies de l\u2019Information et de l\u2019Economie num\u00e9rique, et en collaboration avec l\u2019Organisation Arabe des Technologies de l\u2019Information (AICTO) ainsi que les acteurs du secteur, elle vise \u00e0 promouvoir l\u2019\u00e9conomie num\u00e9rique et l\u2019\u00e9dification d\u2019un \u00e9cosyst\u00e8me technologique performant.<\/p>\n<p>En marge des travaux, une exposition permettra de pr\u00e9senter aux participants les derni\u00e8res innovations lanc\u00e9es par Huawei.<\/p>\n<h2>Vingt ans au service du d\u00e9veloppement technologique en Tunisie<\/h2>\n<p>La tenue de cette journ\u00e9e intervient \u00e0 la veille d\u2019Afric\u2019Up, vient en amorce de la c\u00e9l\u00e9bration cette ann\u00e9e du 20\u00e8me anniversaire de l\u2019implantation de Huawei en Tunisie, en 1999. Au cours de cette p\u00e9riode, Huawei a apport\u00e9 au secteur des t\u00e9l\u00e9communications un appui de valeur notamment pour le d\u00e9ploiement de l\u2019ADSL par Tunisie Telecom en 2004, et de la3G pour Orange en 2016, puis la4G, pour les trois op\u00e9rateurs de t\u00e9l\u00e9com, Tunisie Telecom, Orange et Ooredoo en 2016. Cette contribution lui a valu le Prix du FIPA 2017 \u2013 2019.<\/p>\n<p>\u00ab Comment l\u2019innovation sera en mesure de contribuer utilement au num\u00e9rique, et s\u2019appuyer \u00e0 cet effet sur les partenariats et coop\u00e9rations appropri\u00e9s ? C\u2019est \u00e0 ce d\u00e9bat que nous invitons les participants, indique M. Spark Zhang, Directeur G\u00e9n\u00e9ral de Huawei Tunisia.<\/p>\n<h2>Infrastructure, innovation et facilitations<\/h2>\n<p>Les travaux seront ouverts par le ministre des Technologies de l\u2019Information et de l\u2019Economie num\u00e9rique, M. Anouar Maarouf, qui pr\u00e9sentera \u00e0 cette occasion les perspectives du d\u00e9veloppement num\u00e9rique en Tunisie. De son c\u00f4t\u00e9, le secr\u00e9taire g\u00e9n\u00e9ral de l\u2019AICTO, M. Mohamed Ben Amor pr\u00e9sentera la strat\u00e9gie de d\u00e9veloppement des industries num\u00e9riques de l\u2019Organisation.<\/p>\n<p>\u00ab Nous avons invit\u00e9 \u00e9galement nombre d\u2019experts sp\u00e9cialement venus des diff\u00e9rentes unit\u00e9s de Huawei,nos partenaires locaux, ainsi que des repr\u00e9sentants de grandes organisations arabes et africaines. C\u2019est ce brassage d\u2019expertise et ce networking que nous encourageons le plus, pr\u00e9cise M. Adnane Ben Halima DGM chez Huawei Tunisie. Chaque pr\u00e9sentation sera suivie d\u2019un \u00e9change avec les participants afin de favoriser l\u2019expression des opinions et le partage des exp\u00e9riences.<\/p>\n<h2>Soutenir les talents du futur<\/h2>\n<p>\u00abNotre r\u00f4le en tant que leader mondial du secteur et pionnier des technologies les plus avanc\u00e9es, avec 180.000 salari\u00e9s dont 80.000 d\u00e9di\u00e9s \u00e0 la Recherche &#038; D\u00e9veloppement dans 14 centres et laboratoires et qui b\u00e9n\u00e9ficie de 14% de nos revenus,conclut M. Philippe Wang, Vice-Pr\u00e9sidentHuawei<\/p>\n<p>Afrique du Nord, est de mettre nos capacit\u00e9s au service de nos partenaires dans le monde arabe et sur le continent africain. Il s\u2019agit d\u2019offrir les produits et solutions les plus appropri\u00e9s, mais aussi les programmes idoines de formation, de soutien et de partage d\u2019expertise. Notre programme Seedsfor The Future permet chaque ann\u00e9e \u00e0 des centaines de jeunes talents de se perfectionner dans nos unit\u00e9s en Chine, alors l\u2019ICT Academy qui a sign\u00e9 des accords avec 47 universit\u00e9s tunisiennes s\u2019appr\u00eate \u00e0 former 10.000 \u00e9tudiants durant les cinq prochaines ann\u00e9es. L\u2019objectif \u00e0 travers la consolidation de l\u2019infrastructure, l\u2019assouplissement de la l\u00e9gislation et le d\u00e9veloppement d\u2019un \u00e9cosyst\u00e8me fertile, est de lib\u00e9rer les initiatives et d\u2019encourager les talents pour une pleine connectivit\u00e9 b\u00e9n\u00e9fique. \u00bb<\/p>\n<p>Auteur:<br \/>\n<a href=\"https:\/\/www.leaders.com.tn\/article\/28008-tunis-abrite-ce-lundi-la-3eme-journee-huawei-de-l-innovation-technologique-en-afrique-du-nord\">Cliquez ici pour lire l&rsquo;article depuis sa source.<\/a><\/p>\n","protected":false},"excerpt":{"rendered":"<p>L\u2019innovation technologique en levier puissant d\u2019une totale connectivit\u00e9 en Afrique et dans le monde arabe: tel est le th\u00e8me de la Journ\u00e9e nord-africaine de l\u2019innovation qui tiendra \u00e0 Tunis ce lundi 23 septembre, pour sa troisi\u00e8me session cons\u00e9cutive. Organis\u00e9e par Huawei, sous le patronage du minist\u00e8re des Technologies de l\u2019Information et de l\u2019Economie num\u00e9rique, et [&hellip;]<\/p>\n","protected":false},"author":1772,"featured_media":0,"comment_status":"closed","ping_status":"closed","sticky":false,"template":"","format":"standard","meta":{"fifu_image_url":"","fifu_image_alt":"","footnotes":""},"categories":[73,55],"tags":[],"class_list":["post-61667","post","type-post","status-publish","format-standard","hentry","category-actualite","category-tunisie"],"_links":{"self":[{"href":"https:\/\/linitiative.ca\/International\/wp-json\/wp\/v2\/posts\/61667","targetHints":{"allow":["GET"]}}],"collection":[{"href":"https:\/\/linitiative.ca\/International\/wp-json\/wp\/v2\/posts"}],"about":[{"href":"https:\/\/linitiative.ca\/International\/wp-json\/wp\/v2\/types\/post"}],"author":[{"embeddable":true,"href":"https:\/\/linitiative.ca\/International\/wp-json\/wp\/v2\/users\/1772"}],"replies":[{"embeddable":true,"href":"https:\/\/linitiative.ca\/International\/wp-json\/wp\/v2\/comments?post=61667"}],"version-history":[{"count":0,"href":"https:\/\/linitiative.ca\/International\/wp-json\/wp\/v2\/posts\/61667\/revisions"}],"wp:attachment":[{"href":"https:\/\/linitiative.ca\/International\/wp-json\/wp\/v2\/media?parent=61667"}],"wp:term":[{"taxonomy":"category","embeddable":true,"href":"https:\/\/linitiative.ca\/International\/wp-json\/wp\/v2\/categories?post=61667"},{"taxonomy":"post_tag","embeddable":true,"href":"https:\/\/linitiative.ca\/International\/wp-json\/wp\/v2\/tags?post=61667"}],"curies":[{"name":"wp","href":"https:\/\/api.w.org\/{rel}","templated":true}]}}