{"id":61675,"date":"2019-09-19T06:00:00","date_gmt":"2019-09-19T10:00:00","guid":{"rendered":"https:\/\/linitiative.ca\/International\/issa-hayatou-implique\/"},"modified":"2019-09-19T06:00:00","modified_gmt":"2019-09-19T10:00:00","slug":"issa-hayatou-implique","status":"publish","type":"post","link":"https:\/\/linitiative.ca\/International\/issa-hayatou-implique\/","title":{"rendered":"Issa Hayatou impliqu\u00e9"},"content":{"rendered":"<p>Banni par la CAF et la Fifa, Issa Hayatou n\u2019en est pas pour autant cong\u00e9di\u00e9 chez lui au Cameroun. Et pour cause ! L\u2019ancien pr\u00e9sident de la Conf\u00e9d\u00e9ration africaine de football (73 ans) a \u00e9t\u00e9 promu par les autorit\u00e9s camerounaises au poste de conseiller du Cocan-2021 et aura un droit de regard sur l\u2019\u00e9tat d\u2019avancement des pr\u00e9paratifs de la 33\u00e8 phase finale confi\u00e9e au Cameroun. D\u2019ailleurs, il entamera sa mission lundi prochain par l\u2019inspection de quelques sites choisis pour abriter l\u2019\u00e9v\u00e9nement de l\u2019\u00e9t\u00e9 2021.<br \/>\nM. B<\/p>\n<p>Auteur:<br \/>\n<a href=\"https:\/\/www.lesoirdalgerie.com\/sports\/issa-hayatou-implique-30465\">Cliquez ici pour lire l&rsquo;article depuis sa source.<\/a><\/p>\n","protected":false},"excerpt":{"rendered":"<p>Banni par la CAF et la Fifa, Issa Hayatou n\u2019en est pas pour autant cong\u00e9di\u00e9 chez lui au Cameroun. Et pour cause ! L\u2019ancien pr\u00e9sident de la Conf\u00e9d\u00e9ration africaine de football (73 ans) a \u00e9t\u00e9 promu par les autorit\u00e9s camerounaises au poste de conseiller du Cocan-2021 et aura un droit de regard sur l\u2019\u00e9tat d\u2019avancement [&hellip;]<\/p>\n","protected":false},"author":1741,"featured_media":0,"comment_status":"closed","ping_status":"closed","sticky":false,"template":"","format":"standard","meta":{"fifu_image_url":"","fifu_image_alt":"","footnotes":""},"categories":[73,53],"tags":[],"class_list":["post-61675","post","type-post","status-publish","format-standard","hentry","category-actualite","category-algerie"],"_links":{"self":[{"href":"https:\/\/linitiative.ca\/International\/wp-json\/wp\/v2\/posts\/61675","targetHints":{"allow":["GET"]}}],"collection":[{"href":"https:\/\/linitiative.ca\/International\/wp-json\/wp\/v2\/posts"}],"about":[{"href":"https:\/\/linitiative.ca\/International\/wp-json\/wp\/v2\/types\/post"}],"author":[{"embeddable":true,"href":"https:\/\/linitiative.ca\/International\/wp-json\/wp\/v2\/users\/1741"}],"replies":[{"embeddable":true,"href":"https:\/\/linitiative.ca\/International\/wp-json\/wp\/v2\/comments?post=61675"}],"version-history":[{"count":0,"href":"https:\/\/linitiative.ca\/International\/wp-json\/wp\/v2\/posts\/61675\/revisions"}],"wp:attachment":[{"href":"https:\/\/linitiative.ca\/International\/wp-json\/wp\/v2\/media?parent=61675"}],"wp:term":[{"taxonomy":"category","embeddable":true,"href":"https:\/\/linitiative.ca\/International\/wp-json\/wp\/v2\/categories?post=61675"},{"taxonomy":"post_tag","embeddable":true,"href":"https:\/\/linitiative.ca\/International\/wp-json\/wp\/v2\/tags?post=61675"}],"curies":[{"name":"wp","href":"https:\/\/api.w.org\/{rel}","templated":true}]}}