{"id":61677,"date":"2019-09-19T11:00:18","date_gmt":"2019-09-19T15:00:18","guid":{"rendered":"https:\/\/linitiative.ca\/International\/dominique-de-villepin-en-super-vrp-au-cds\/"},"modified":"2019-09-19T11:00:18","modified_gmt":"2019-09-19T15:00:18","slug":"dominique-de-villepin-en-super-vrp-au-cds","status":"publish","type":"post","link":"https:\/\/linitiative.ca\/International\/dominique-de-villepin-en-super-vrp-au-cds\/","title":{"rendered":"Dominique de Villepin en super-VRP au CDS"},"content":{"rendered":"<p>Le Conseil du D\u00e9veloppement et de la Solidarit\u00e9 (CDS) a mis les petits plats dans les grands \u00e0 l\u2019occasion de l\u2019ouverture de sa prochaine session annuelle 2019\/2020. Dominique de Villepin, l\u2019ancien Premier Ministre de la R\u00e9publique Fran\u00e7aise, \u00e9tait l\u2019invit\u00e9 du think tank pr\u00e9sid\u00e9 par Mohammed Benamour pour un d\u00e9jeuner-conf\u00e9rence, ce jeudi 19 septembre 2019 \u00e0 Casablanca. Devant un parterre de personnalit\u00e9s \u00e9manant du monde des affaires, de professions lib\u00e9rales, de milieux associatif, politique, culturel, universitaire ainsi que certaines personnalit\u00e9s diplomatiques, l\u2019h\u00f4te de marque du CDS, connu pour son int\u00e9grit\u00e9 intellectuelle et son courage politique, a dress\u00e9 un tableau de la g\u00e9opolitique mondiale. Il a \u00e9galement \u00e9voqu\u00e9 les enjeux li\u00e9s aux menaces qui p\u00e8sent sur le monde, mettant en danger l\u2019\u00e9conomie, la finance, la s\u00e9curit\u00e9, l\u2019environnement\u2026. Il faut dire que l\u2019ancien ministre fran\u00e7ais des Affaires \u00e9trang\u00e8res, connait bien son sujet. C\u2019est ainsi que dans son expos\u00e9, il n\u2019a pas manqu\u00e9 d\u2019\u00e9voquer, \u00e0 travers sa vision et ses analyses pertinentes, les moyens de relever ces d\u00e9fis et assurer ainsi la paix et la solidarit\u00e9 entre les Nations. Cr\u00e9\u00e9e le 27 juillet 2009, pour accompagner le d\u00e9veloppement \u00e9conomique et social du Royaume, le CDS constitue un laboratoire d\u2019id\u00e9es et de propositions ayant comme devise : \u00abUne intelligence collective pour une dynamique gagnante\u00bb. Tr\u00e8s actif, il compte plusieurs ateliers de r\u00e9flexion se proposant d\u2019identifier les enjeux, analyser les r\u00e9formes en chantier, d\u00e9battre des feuilles de route, proposer des mesures op\u00e9rationnelles assurant la convergence des efforts publics et priv\u00e9s, sans pour autant oublier cette volont\u00e9 affich\u00e9e \u00abd\u2019adaptation \u00e0 un environnement international en perp\u00e9tuelle mutation\u00bb et qui est depuis deux ans une sorte de d\u00e9fi auquel l\u2019\u00e9conomie marocaine est confront\u00e9e.<\/p>\n<div class=\"c16\">\n<fieldset class=\"c15\">\n<legend><strong><span class=\"c10\">Challenge<\/span><span class=\"c11\">news<\/span><\/strong><\/legend>\n<div class=\"c14\">Le meilleur de la r\u00e9daction s\u00e9lectionn\u00e9 par Challenge :<\/p>\n<\/div>\n<\/fieldset>\n<\/div>\n<p>Auteur: Adama Sylla<br \/>\n<a href=\"https:\/\/www.challenge.ma\/dominique-de-villepin-en-super-vrp-au-cds-117805\/\">Cliquez ici pour lire l&rsquo;article depuis sa source.<\/a><\/p>\n","protected":false},"excerpt":{"rendered":"<p>Le Conseil du D\u00e9veloppement et de la Solidarit\u00e9 (CDS) a mis les petits plats dans les grands \u00e0 l\u2019occasion de l\u2019ouverture de sa prochaine session annuelle 2019\/2020. Dominique de Villepin, l\u2019ancien Premier Ministre de la R\u00e9publique Fran\u00e7aise, \u00e9tait l\u2019invit\u00e9 du think tank pr\u00e9sid\u00e9 par Mohammed Benamour pour un d\u00e9jeuner-conf\u00e9rence, ce jeudi 19 septembre 2019 \u00e0 [&hellip;]<\/p>\n","protected":false},"author":1787,"featured_media":0,"comment_status":"closed","ping_status":"closed","sticky":false,"template":"","format":"standard","meta":{"fifu_image_url":"","fifu_image_alt":"","footnotes":""},"categories":[78,54],"tags":[],"class_list":["post-61677","post","type-post","status-publish","format-standard","hentry","category-economie","category-maroc"],"_links":{"self":[{"href":"https:\/\/linitiative.ca\/International\/wp-json\/wp\/v2\/posts\/61677","targetHints":{"allow":["GET"]}}],"collection":[{"href":"https:\/\/linitiative.ca\/International\/wp-json\/wp\/v2\/posts"}],"about":[{"href":"https:\/\/linitiative.ca\/International\/wp-json\/wp\/v2\/types\/post"}],"author":[{"embeddable":true,"href":"https:\/\/linitiative.ca\/International\/wp-json\/wp\/v2\/users\/1787"}],"replies":[{"embeddable":true,"href":"https:\/\/linitiative.ca\/International\/wp-json\/wp\/v2\/comments?post=61677"}],"version-history":[{"count":0,"href":"https:\/\/linitiative.ca\/International\/wp-json\/wp\/v2\/posts\/61677\/revisions"}],"wp:attachment":[{"href":"https:\/\/linitiative.ca\/International\/wp-json\/wp\/v2\/media?parent=61677"}],"wp:term":[{"taxonomy":"category","embeddable":true,"href":"https:\/\/linitiative.ca\/International\/wp-json\/wp\/v2\/categories?post=61677"},{"taxonomy":"post_tag","embeddable":true,"href":"https:\/\/linitiative.ca\/International\/wp-json\/wp\/v2\/tags?post=61677"}],"curies":[{"name":"wp","href":"https:\/\/api.w.org\/{rel}","templated":true}]}}