{"id":61678,"date":"2019-09-19T12:31:09","date_gmt":"2019-09-19T16:31:09","guid":{"rendered":"https:\/\/linitiative.ca\/International\/un-nouveau-consul-general-de-france-a-casablanca\/"},"modified":"2019-09-19T12:31:09","modified_gmt":"2019-09-19T16:31:09","slug":"un-nouveau-consul-general-de-france-a-casablanca","status":"publish","type":"post","link":"https:\/\/linitiative.ca\/International\/un-nouveau-consul-general-de-france-a-casablanca\/","title":{"rendered":"Un nouveau Consul g\u00e9n\u00e9ral de France \u00e0 Casablanca"},"content":{"rendered":"<p><strong>Serge Mucetti est le nouveau Consul g\u00e9n\u00e9ral de France \u00e0 Casablanca. Il a pris ses fonctions au d\u00e9but de ce mois.<\/strong><\/p>\n<div class=\"c10\"\/>\n<p>Il succ\u00e8de ainsi \u00e0 Arnaud de Sury qui est parti pour de nouvelles fonctions au terme d\u2019une <strong>mission<\/strong> de quatre ans dans le Royaume. Avant sa nomination au poste de <strong>Consul g\u00e9n\u00e9ral de France<\/strong> \u00e0 Casablanca, Serge Mucetti a, entre autres, \u00e9t\u00e9 ambassadeur de France \u00e0 Djibouti de 2014 \u00e0 2016, et en R\u00e9publique centrafricaine.<\/p>\n<p>Il a \u00e9galement \u00e9t\u00e9 Consul g\u00e9n\u00e9ral de France \u00e0 Bruxelles de 2007 \u00e0 2011. Entre 2011 et 2012, il a occup\u00e9 la fonction de\u00a0 Directeur du cabinet du Secr\u00e9taire d\u2019Etat charg\u00e9 des <strong>Fran\u00e7ais de l\u2019\u00e9tranger<\/strong>. Il est titulaire d\u2019une Ma\u00eetrise en Droit Public de l\u2019Universit\u00e9 de droit et de Sciences politiques d\u2019Aix-Marseille (III). Serge Mucetti est un <strong>diplomate chevronn\u00e9<\/strong> qui ne conna\u00eet que tr\u00e8s bien les rouages de la diplomatie en Afrique.<\/p>\n<div class=\"c17\">\n<fieldset class=\"c16\">\n<legend><strong><span class=\"c11\">Challenge<\/span><span class=\"c12\">news<\/span><\/strong><\/legend>\n<div class=\"c15\">Le meilleur de la r\u00e9daction s\u00e9lectionn\u00e9 par Challenge :<\/p>\n<\/div>\n<\/fieldset>\n<\/div>\n<p>Auteur: Roland Amoussou<br \/>\n<a href=\"https:\/\/www.challenge.ma\/un-nouveau-consul-general-de-france-a-casablanca-117788\/\">Cliquez ici pour lire l&rsquo;article depuis sa source.<\/a><\/p>\n","protected":false},"excerpt":{"rendered":"<p>Serge Mucetti est le nouveau Consul g\u00e9n\u00e9ral de France \u00e0 Casablanca. Il a pris ses fonctions au d\u00e9but de ce mois. Il succ\u00e8de ainsi \u00e0 Arnaud de Sury qui est parti pour de nouvelles fonctions au terme d\u2019une mission de quatre ans dans le Royaume. Avant sa nomination au poste de Consul g\u00e9n\u00e9ral de France [&hellip;]<\/p>\n","protected":false},"author":1787,"featured_media":0,"comment_status":"closed","ping_status":"closed","sticky":false,"template":"","format":"standard","meta":{"fifu_image_url":"","fifu_image_alt":"","footnotes":""},"categories":[78,54],"tags":[],"class_list":["post-61678","post","type-post","status-publish","format-standard","hentry","category-economie","category-maroc"],"_links":{"self":[{"href":"https:\/\/linitiative.ca\/International\/wp-json\/wp\/v2\/posts\/61678","targetHints":{"allow":["GET"]}}],"collection":[{"href":"https:\/\/linitiative.ca\/International\/wp-json\/wp\/v2\/posts"}],"about":[{"href":"https:\/\/linitiative.ca\/International\/wp-json\/wp\/v2\/types\/post"}],"author":[{"embeddable":true,"href":"https:\/\/linitiative.ca\/International\/wp-json\/wp\/v2\/users\/1787"}],"replies":[{"embeddable":true,"href":"https:\/\/linitiative.ca\/International\/wp-json\/wp\/v2\/comments?post=61678"}],"version-history":[{"count":0,"href":"https:\/\/linitiative.ca\/International\/wp-json\/wp\/v2\/posts\/61678\/revisions"}],"wp:attachment":[{"href":"https:\/\/linitiative.ca\/International\/wp-json\/wp\/v2\/media?parent=61678"}],"wp:term":[{"taxonomy":"category","embeddable":true,"href":"https:\/\/linitiative.ca\/International\/wp-json\/wp\/v2\/categories?post=61678"},{"taxonomy":"post_tag","embeddable":true,"href":"https:\/\/linitiative.ca\/International\/wp-json\/wp\/v2\/tags?post=61678"}],"curies":[{"name":"wp","href":"https:\/\/api.w.org\/{rel}","templated":true}]}}