{"id":61682,"date":"2019-09-19T15:25:56","date_gmt":"2019-09-19T19:25:56","guid":{"rendered":"https:\/\/linitiative.ca\/International\/baisse-du-droit-dimportation-du-ble-tendre\/"},"modified":"2019-09-19T15:25:56","modified_gmt":"2019-09-19T19:25:56","slug":"baisse-du-droit-dimportation-du-ble-tendre","status":"publish","type":"post","link":"https:\/\/linitiative.ca\/International\/baisse-du-droit-dimportation-du-ble-tendre\/","title":{"rendered":"Baisse du droit d\u2019importation du bl\u00e9 tendre"},"content":{"rendered":"<p><strong>Cette baisse vise \u00e0 assurer l\u2019approvisionnement du march\u00e9 national.<\/strong><\/p>\n<div class=\"c10\"\/>\n<p>Le Conseil de gouvernement, r\u00e9uni jeudi \u00e0 Rabat, a adopt\u00e9 le projet de d\u00e9cret N\u00b0 2.19.810 modifiant le droit \u00e0 l\u2019importation applicable au bl\u00e9 tendre et ses d\u00e9riv\u00e9s.<\/p>\n<p>Ce projet de d\u00e9cret vise \u00e0 revoir \u00e0 la baisse le droit d\u2019importation de 135% applicable au bl\u00e9 tendre et ses d\u00e9riv\u00e9s et \u00e0 le remplacer par un droit de douane fix\u00e9 \u00e0 35% et ce, \u00e0 partir du 1er octobre. Le projet, qui prend en consid\u00e9ration le stock national de bl\u00e9 disponible jusqu\u2019\u00e0 fin septembre 2019 estim\u00e9 \u00e0 10,5 millions de quintaux, ce qui correspond \u00e0 environ 2,7 mois de besoins des <strong>minoteries<\/strong> industrielles, permettra ainsi de garantir l\u2019approvisionnement normal du march\u00e9 int\u00e9rieur en bl\u00e9 tendre.<\/p>\n<p>Cette modification de droit \u00e0 l\u2019importation applicable au <strong>bl\u00e9 tendre<\/strong> et ses d\u00e9riv\u00e9s prend en compte \u00e9galement l\u2019\u00e9volution de son prix sur les march\u00e9s internationaux, variant actuellement entre 205 et 210 dollars la tonne \u00e0 sortie du port. Avec le droit de douane 135%, le co\u00fbt d\u2019importation \u00e0 la sortie du port varie entre 355 et 360 DH le quintal.<\/p>\n<p>La baisse de <strong>droit \u00e0 l\u2019importation<\/strong> applicable au bl\u00e9 tendre et ses d\u00e9riv\u00e9s \u00e0 35% permettra ainsi de garantir un co\u00fbt d\u2019importation d\u2019environ 260 DH\/quintal et d\u2019assurer ainsi l\u2019approvisionnement du march\u00e9 national.<\/p>\n<div class=\"c17\">\n<fieldset class=\"c16\">\n<legend><strong><span class=\"c11\">Challenge<\/span><span class=\"c12\">news<\/span><\/strong><\/legend>\n<div class=\"c15\">Le meilleur de la r\u00e9daction s\u00e9lectionn\u00e9 par Challenge :<\/p>\n<\/div>\n<\/fieldset>\n<\/div>\n<p>Auteur: Karim Handaoui<br \/>\n<a href=\"https:\/\/www.challenge.ma\/baisse-du-droit-dimportation-du-ble-tendre-117863\/\">Cliquez ici pour lire l&rsquo;article depuis sa source.<\/a><\/p>\n","protected":false},"excerpt":{"rendered":"<p>Cette baisse vise \u00e0 assurer l\u2019approvisionnement du march\u00e9 national. Le Conseil de gouvernement, r\u00e9uni jeudi \u00e0 Rabat, a adopt\u00e9 le projet de d\u00e9cret N\u00b0 2.19.810 modifiant le droit \u00e0 l\u2019importation applicable au bl\u00e9 tendre et ses d\u00e9riv\u00e9s. Ce projet de d\u00e9cret vise \u00e0 revoir \u00e0 la baisse le droit d\u2019importation de 135% applicable au bl\u00e9 [&hellip;]<\/p>\n","protected":false},"author":1787,"featured_media":0,"comment_status":"closed","ping_status":"closed","sticky":false,"template":"","format":"standard","meta":{"fifu_image_url":"","fifu_image_alt":"","footnotes":""},"categories":[78,54],"tags":[],"class_list":["post-61682","post","type-post","status-publish","format-standard","hentry","category-economie","category-maroc"],"_links":{"self":[{"href":"https:\/\/linitiative.ca\/International\/wp-json\/wp\/v2\/posts\/61682","targetHints":{"allow":["GET"]}}],"collection":[{"href":"https:\/\/linitiative.ca\/International\/wp-json\/wp\/v2\/posts"}],"about":[{"href":"https:\/\/linitiative.ca\/International\/wp-json\/wp\/v2\/types\/post"}],"author":[{"embeddable":true,"href":"https:\/\/linitiative.ca\/International\/wp-json\/wp\/v2\/users\/1787"}],"replies":[{"embeddable":true,"href":"https:\/\/linitiative.ca\/International\/wp-json\/wp\/v2\/comments?post=61682"}],"version-history":[{"count":0,"href":"https:\/\/linitiative.ca\/International\/wp-json\/wp\/v2\/posts\/61682\/revisions"}],"wp:attachment":[{"href":"https:\/\/linitiative.ca\/International\/wp-json\/wp\/v2\/media?parent=61682"}],"wp:term":[{"taxonomy":"category","embeddable":true,"href":"https:\/\/linitiative.ca\/International\/wp-json\/wp\/v2\/categories?post=61682"},{"taxonomy":"post_tag","embeddable":true,"href":"https:\/\/linitiative.ca\/International\/wp-json\/wp\/v2\/tags?post=61682"}],"curies":[{"name":"wp","href":"https:\/\/api.w.org\/{rel}","templated":true}]}}