{"id":61698,"date":"2019-09-19T09:26:16","date_gmt":"2019-09-19T13:26:16","guid":{"rendered":"https:\/\/linitiative.ca\/International\/journee-nationale-de-protestation\/"},"modified":"2019-09-19T09:26:16","modified_gmt":"2019-09-19T13:26:16","slug":"journee-nationale-de-protestation","status":"publish","type":"post","link":"https:\/\/linitiative.ca\/International\/journee-nationale-de-protestation\/","title":{"rendered":"Journ\u00e9e nationale de protestation"},"content":{"rendered":"<div class=\"td-post-featured-image\"><a href=\"https:\/\/i0.wp.com\/www.sidwaya.info\/wp-content\/uploads\/2019\/09\/marche019.gif?fit=787%2C430&#038;ssl=1\" data-caption=\"\"><img loading=\"lazy\" decoding=\"async\" width=\"696\" height=\"380\" class=\"entry-thumb td-modal-image\" src=\"https:\/\/i0.wp.com\/www.sidwaya.info\/wp-content\/uploads\/2019\/09\/marche019.gif?resize=696%2C380&#038;ssl=1\" alt=\"\" title=\"marche019\"\/><\/a><\/div>\n<p><strong>A Koudougou, \u00ab plus de 2000 personnes \u00bb ont r\u00e9pondu, le lundi 16 septembre 2019, \u00e0 l\u2019appel de l\u2019Unit\u00e9 d\u2019action populaire (UAP). Elles ont battu le macadam pour d\u00e9noncer la gestion du pouvoir, \u00e0 l\u2019occasion du IVe anniversaire de la r\u00e9sistance au coup d\u2019Etat de 2015.<\/strong><\/p>\n<p>Pour r\u00e9pondre \u00e0 l\u2019appel \u00e0 la marche-meeting de l\u2019Unit\u00e9 d\u2019action populaire (UAP) \u00e0 Koudougou, rendez-vous a \u00e9t\u00e9 pris, le lundi 16 septembre 2019 au Th\u00e9\u00e2tre populaire (TP). A 8 h, la mise en place \u00e9tait termin\u00e9e et de nombreux travailleurs y avaient d\u00e9j\u00e0 pris place. Des sonorit\u00e9s d\u2019artistes engag\u00e9s et des \u00ab messages forts\u00bb tenaient militants et sympathisants de l\u2019UAP en haleine. 9 heures \u2026 Le ton de la marche est donn\u00e9. Le pr\u00e9sident du Mouvement burkinab\u00e8 des droits de l\u2019Homme et des peuples (MBDHP), section Koudougou, Kisito Dakio, le porte-parole de l\u2019UAP, Madi Bonkoungou et les responsables des diff\u00e9rents syndicats prennent la t\u00eate du peloton. Du TP, les marcheurs passent par l\u2019arri\u00e8re-cour de l\u2019H\u00f4tel de ville de Koudougou, contournent le rond-point Police nationale avant d\u2019\u00ab envahir \u00bb l\u2019avenue Dreux en direction du rond-point Maurice-Yam\u00e9ogo. Le cort\u00e8ge s\u2019\u00e9tend sur plus d\u2019un kilom\u00e8tre. En rang serr\u00e9, les manifestants entonnent, en ch\u0153ur, des chants qui se veulent virulents envers les autorit\u00e9s en place. En plus des chants, on note \u00e9galement une \u00ab soif de justice sociale \u00bb sur les diff\u00e9rentes affiches.\u00a0Ils ont ainsi r\u00e9clam\u00e9\u00a0\u00ab v\u00e9rit\u00e9 et justice \u00bb pour les militants de l\u2019Organisation d\u00e9mocratique de la jeunesse (ODJ) \u00ab assassin\u00e9s \u00bb, et pour \u00ab tous les crimes de sang impunis \u00bb. \u00ab Pour les criminels politiques et \u00e9conomiques, fossoyeurs des deniers publics, les g\u00e9n\u00e9raux et officiers bureaucrates \u00bb, ils ont demand\u00e9 la \u00ab prison \u00bb. Ensuite, les marcheurs ont emprunt\u00e9 la Nationale n\u00b014 dont ils exigent le bitumage, en plus de la RN n\u00b013 (Koudougou-Yako) et des voies de la cit\u00e9 du Cavalier rouge. Le cap a \u00e9t\u00e9 mis sur le haut-commissariat. L\u00e0-bas, les militants de l\u2019UAP se sont content\u00e9s d\u2019observer un arr\u00eat devant des portes closes. \u00ab Nous avons d\u00e9pos\u00e9 tous les documents n\u00e9cessaires pour faire le meeting \u2026 Le haut-commissaire nous a dit que sur instruction de l\u2019administration, il ne peut pas nous recevoir \u00bb, a expliqu\u00e9 M. Bonkoungou. Mais Kisito Dakio pr\u00e9vient\u00a0: \u00ab nous allons reconqu\u00e9rir notre QG (le haut-commissariat, ndlr) \u00bb. Apr\u00e8s un d\u00e9tour, la foule rejoint son point de d\u00e9part, sans aucun incident. En pr\u00e9sence de \u00ab plus de 2000 manifestants \u00bb, selon les organisateurs, les slogans et messages fusent. La situation nationale est pass\u00e9e au peigne fin. Les responsables d\u00e9noncent les attaques terroristes \u00e0 r\u00e9p\u00e9tition, le sous-\u00e9quipement des forces de d\u00e9fense et de s\u00e9curit\u00e9, les conditions des d\u00e9plac\u00e9s internes, le nouveau code p\u00e9nal, les atteintes aux libert\u00e9s. \u00ab Apr\u00e8s l\u2019insurrection, le peuple a pens\u00e9 que ses conditions de vie allaient s\u2019am\u00e9liorer. Malheureusement, aujourd\u2019hui, on se rend compte que rien n\u2019est fait pour soulager les peines des populations.\u00a0Le pouvoir ne fait rien pour \u00e9radiquer le terrorisme \u00bb, a regrett\u00e9 le porte-parole de l\u2019UAP. Pour lui, la pr\u00e9sente journ\u00e9e de protestation est une interpellation du gouvernement \u00e0 \u00ab\u00a0se ressaisir \u00bb.<\/p>\n<p>Djakaridia SIRIBIE<\/p>\n<div class=\"td-a-rec td-a-rec-id-content_bottom td_uid_30_5d83f6b726609_rand td_block_template_1\"><img loading=\"lazy\" decoding=\"async\" class=\"aligncenter size-full wp-image-9623\" src=\"https:\/\/www.sidwaya.info\/wp-content\/uploads\/2019\/06\/Projet-bannie%CC%80re-Orange-mobile.jpg\" alt=\"\" width=\"728\" height=\"81\"\/><\/div>\n<p>Auteur: BM. Sidwaya<br \/>\n<a href=\"https:\/\/www.sidwaya.info\/blog\/2019\/09\/19\/journee-nationale-de-protestation\/\">Cliquez ici pour lire l&rsquo;article depuis sa source.<\/a><\/p>\n","protected":false},"excerpt":{"rendered":"<p>A Koudougou, \u00ab plus de 2000 personnes \u00bb ont r\u00e9pondu, le lundi 16 septembre 2019, \u00e0 l\u2019appel de l\u2019Unit\u00e9 d\u2019action populaire (UAP). Elles ont battu le macadam pour d\u00e9noncer la gestion du pouvoir, \u00e0 l\u2019occasion du IVe anniversaire de la r\u00e9sistance au coup d\u2019Etat de 2015. Pour r\u00e9pondre \u00e0 l\u2019appel \u00e0 la marche-meeting de l\u2019Unit\u00e9 [&hellip;]<\/p>\n","protected":false},"author":1816,"featured_media":0,"comment_status":"closed","ping_status":"closed","sticky":false,"template":"","format":"standard","meta":{"fifu_image_url":"","fifu_image_alt":"","footnotes":""},"categories":[73,81],"tags":[],"class_list":["post-61698","post","type-post","status-publish","format-standard","hentry","category-actualite","category-burkina-faso"],"_links":{"self":[{"href":"https:\/\/linitiative.ca\/International\/wp-json\/wp\/v2\/posts\/61698","targetHints":{"allow":["GET"]}}],"collection":[{"href":"https:\/\/linitiative.ca\/International\/wp-json\/wp\/v2\/posts"}],"about":[{"href":"https:\/\/linitiative.ca\/International\/wp-json\/wp\/v2\/types\/post"}],"author":[{"embeddable":true,"href":"https:\/\/linitiative.ca\/International\/wp-json\/wp\/v2\/users\/1816"}],"replies":[{"embeddable":true,"href":"https:\/\/linitiative.ca\/International\/wp-json\/wp\/v2\/comments?post=61698"}],"version-history":[{"count":0,"href":"https:\/\/linitiative.ca\/International\/wp-json\/wp\/v2\/posts\/61698\/revisions"}],"wp:attachment":[{"href":"https:\/\/linitiative.ca\/International\/wp-json\/wp\/v2\/media?parent=61698"}],"wp:term":[{"taxonomy":"category","embeddable":true,"href":"https:\/\/linitiative.ca\/International\/wp-json\/wp\/v2\/categories?post=61698"},{"taxonomy":"post_tag","embeddable":true,"href":"https:\/\/linitiative.ca\/International\/wp-json\/wp\/v2\/tags?post=61698"}],"curies":[{"name":"wp","href":"https:\/\/api.w.org\/{rel}","templated":true}]}}