{"id":61700,"date":"2019-09-19T09:46:36","date_gmt":"2019-09-19T13:46:36","guid":{"rendered":"https:\/\/linitiative.ca\/International\/financement-des-pme-le-groupe-cofina-sinstalle-au-burkina-faso\/"},"modified":"2019-09-19T09:46:36","modified_gmt":"2019-09-19T13:46:36","slug":"financement-des-pme-le-groupe-cofina-sinstalle-au-burkina-faso","status":"publish","type":"post","link":"https:\/\/linitiative.ca\/International\/financement-des-pme-le-groupe-cofina-sinstalle-au-burkina-faso\/","title":{"rendered":"Financement des PME Le groupe COFINA s\u2019installe  au Burkina Faso"},"content":{"rendered":"<div class=\"td-post-featured-image\"><a href=\"https:\/\/i0.wp.com\/www.sidwaya.info\/wp-content\/uploads\/2019\/09\/presidgp.gif?fit=787%2C646&#038;ssl=1\" data-caption=\"\"><img loading=\"lazy\" decoding=\"async\" width=\"696\" height=\"571\" class=\"entry-thumb td-modal-image\" src=\"https:\/\/i0.wp.com\/www.sidwaya.info\/wp-content\/uploads\/2019\/09\/presidgp.gif?resize=696%2C571&#038;ssl=1\" alt=\"\" title=\"presidgp\"\/><\/a><\/div>\n<p><strong>Le chef de l\u2019Etat, Roch Marc Christian Kabor\u00e9, a re\u00e7u en audience, le pr\u00e9sident-directeur g\u00e9n\u00e9ral du groupe COFINA, Jean Luc Konan, le mercredi 18 septembre 2019. Celui-ci a annonc\u00e9 l\u2019implantation du groupe au Burkina Faso, d\u2019ici \u00e0 octobre prochain.<\/strong><\/p>\n<p>Avant le d\u00e9marrage des activit\u00e9s de la Compagnie financi\u00e8re africaine (COFINA), son pr\u00e9sident-directeur g\u00e9n\u00e9ral, Jean Luc Konan a, au cours d\u2019une audience avec le Pr\u00e9sident du Faso, Roch Marc Christian Kabor\u00e9, le mercredi 18 septembre 2019, pr\u00e9sent\u00e9 son institution. \u00ab\u00a0Nous avons voulu marquer notre engagement \u00e0 soutenir les entrepreneurs et les petites et moyennes entreprises, op\u00e9rateurs majeurs de nos \u00e9conomies, mais, qui, souvent, manquent de financements ad\u00e9quats\u00a0\u00bb, a-t-il confi\u00e9. Selon M. Konan, COFINA se positionne dans le secteur de la m\u00e9sofinance, c\u2019est-\u00e0-dire qu\u2019il finance les entrepreneurs et les petites et moyennes entreprises Aussi soutient-il qu\u2019avec l\u2019implantation au Burkina, COFINA compte prendre en compte les entreprises dans tous les secteurs de l\u2019\u00e9conomie.<br \/>La Compagnie financi\u00e8re africaine est d\u00e9j\u00e0 pr\u00e9sente en Guin\u00e9e, en C\u00f4te d\u2019Ivoire, au S\u00e9n\u00e9gal, au Gabon, au Congo Brazzaville et au Mali. \u00ab\u00a0Au cours des quatre derni\u00e8res ann\u00e9es, nous avons accompagn\u00e9 plus de 75 000 entrepreneurs \u00e0 qui nous avons octroy\u00e9 plus de 475 milliards de financements\u00a0\u00bb, a d\u00e9clar\u00e9 M. Konan.<\/p>\n<p>Nad\u00e8ge YE<\/p>\n<div class=\"td-a-rec td-a-rec-id-content_bottom td_uid_30_5d83f6be4d3e5_rand td_block_template_1\"><img loading=\"lazy\" decoding=\"async\" class=\"aligncenter size-full wp-image-9623\" src=\"https:\/\/www.sidwaya.info\/wp-content\/uploads\/2019\/06\/Projet-bannie%CC%80re-Orange-mobile.jpg\" alt=\"\" width=\"728\" height=\"81\"\/><\/div>\n<p>Auteur: BM. Sidwaya<br \/>\n<a href=\"https:\/\/www.sidwaya.info\/blog\/2019\/09\/19\/financement-des-pme-le-groupe-cofina-sinstalle-au-burkina-faso\/\">Cliquez ici pour lire l&rsquo;article depuis sa source.<\/a><\/p>\n","protected":false},"excerpt":{"rendered":"<p>Le chef de l\u2019Etat, Roch Marc Christian Kabor\u00e9, a re\u00e7u en audience, le pr\u00e9sident-directeur g\u00e9n\u00e9ral du groupe COFINA, Jean Luc Konan, le mercredi 18 septembre 2019. Celui-ci a annonc\u00e9 l\u2019implantation du groupe au Burkina Faso, d\u2019ici \u00e0 octobre prochain. Avant le d\u00e9marrage des activit\u00e9s de la Compagnie financi\u00e8re africaine (COFINA), son pr\u00e9sident-directeur g\u00e9n\u00e9ral, Jean Luc [&hellip;]<\/p>\n","protected":false},"author":1816,"featured_media":0,"comment_status":"closed","ping_status":"closed","sticky":false,"template":"","format":"standard","meta":{"fifu_image_url":"","fifu_image_alt":"","footnotes":""},"categories":[73,81],"tags":[],"class_list":["post-61700","post","type-post","status-publish","format-standard","hentry","category-actualite","category-burkina-faso"],"_links":{"self":[{"href":"https:\/\/linitiative.ca\/International\/wp-json\/wp\/v2\/posts\/61700","targetHints":{"allow":["GET"]}}],"collection":[{"href":"https:\/\/linitiative.ca\/International\/wp-json\/wp\/v2\/posts"}],"about":[{"href":"https:\/\/linitiative.ca\/International\/wp-json\/wp\/v2\/types\/post"}],"author":[{"embeddable":true,"href":"https:\/\/linitiative.ca\/International\/wp-json\/wp\/v2\/users\/1816"}],"replies":[{"embeddable":true,"href":"https:\/\/linitiative.ca\/International\/wp-json\/wp\/v2\/comments?post=61700"}],"version-history":[{"count":0,"href":"https:\/\/linitiative.ca\/International\/wp-json\/wp\/v2\/posts\/61700\/revisions"}],"wp:attachment":[{"href":"https:\/\/linitiative.ca\/International\/wp-json\/wp\/v2\/media?parent=61700"}],"wp:term":[{"taxonomy":"category","embeddable":true,"href":"https:\/\/linitiative.ca\/International\/wp-json\/wp\/v2\/categories?post=61700"},{"taxonomy":"post_tag","embeddable":true,"href":"https:\/\/linitiative.ca\/International\/wp-json\/wp\/v2\/tags?post=61700"}],"curies":[{"name":"wp","href":"https:\/\/api.w.org\/{rel}","templated":true}]}}