{"id":61708,"date":"2019-09-19T10:08:34","date_gmt":"2019-09-19T14:08:34","guid":{"rendered":"https:\/\/linitiative.ca\/International\/palais-presidentiels-les-chantiers-qui-attendent-cleopasse-medoulou\/"},"modified":"2019-09-19T10:08:34","modified_gmt":"2019-09-19T14:08:34","slug":"palais-presidentiels-les-chantiers-qui-attendent-cleopasse-medoulou","status":"publish","type":"post","link":"https:\/\/linitiative.ca\/International\/palais-presidentiels-les-chantiers-qui-attendent-cleopasse-medoulou\/","title":{"rendered":"Palais pr\u00e9sidentiels: les chantiers qui attendent Cl\u00e9opasse Medoulou"},"content":{"rendered":"<p><a href=\"https:\/\/i1.wp.com\/ecomatin.net\/wp-content\/uploads\/2019\/09\/ecomatin.net-palais-presidentiels-les-chantiers-qui-attendent-cleopasse-medoulou-img-20190919-wa0037.jpg?ssl=1\"><\/p>\n<p><img loading=\"lazy\" decoding=\"async\" data-attachment-id=\"11579\" data-permalink=\"https:\/\/ecomatin.net\/palais-presidentiels-les-chantiers-qui-attendent-cleopasse-medoulou\/img-20190919-wa0037\/\" data-orig-file=\"https:\/\/i1.wp.com\/ecomatin.net\/wp-content\/uploads\/2019\/09\/ecomatin.net-palais-presidentiels-les-chantiers-qui-attendent-cleopasse-medoulou-img-20190919-wa0037.jpg?fit=276%2C239&#038;ssl=1\" data-orig-size=\"276,239\" data-comments-opened=\"0\" data-image-meta=\"{\"aperture\":\"0\",\"credit\":\"\",\"camera\":\"\",\"caption\":\"\",\"created_timestamp\":\"0\",\"copyright\":\"\",\"focal_length\":\"0\",\"iso\":\"0\",\"shutter_speed\":\"0\",\"title\":\"\",\"orientation\":\"1\"}\" data-image-title=\"IMG-20190919-WA0037\" data-image-description=\"\" data-medium-file=\"https:\/\/i1.wp.com\/ecomatin.net\/wp-content\/uploads\/2019\/09\/ecomatin.net-palais-presidentiels-les-chantiers-qui-attendent-cleopasse-medoulou-img-20190919-wa0037.jpg?fit=276%2C239&#038;ssl=1\" data-large-file=\"https:\/\/i1.wp.com\/ecomatin.net\/wp-content\/uploads\/2019\/09\/ecomatin.net-palais-presidentiels-les-chantiers-qui-attendent-cleopasse-medoulou-img-20190919-wa0037.jpg?fit=276%2C239&#038;ssl=1\" class=\" wp-image-11579 alignleft\" src=\"https:\/\/i1.wp.com\/ecomatin.net\/wp-content\/uploads\/2019\/09\/ecomatin.net-palais-presidentiels-les-chantiers-qui-attendent-cleopasse-medoulou-img-20190919-wa0037.jpg?resize=197%2C171&#038;ssl=1\" alt=\"\" width=\"197\" height=\"171\" data-recalc-dims=\"1\"\/><\/p>\n<p><\/a>Comme disait <strong>Pierre Corneille<\/strong>, dans \u00ab <strong><em>Le Cid<\/em><\/strong> \u00bb \u00ab <em>Aux \u00e2mes bien n\u00e9es, la valeur n\u2019attend point le nombre des ann\u00e9es<\/em> \u00bb. Assur\u00e9ment, <strong>Paul Biya<\/strong>, pr\u00e9sident de la R\u00e9publique n\u2019aura pas attendu que <strong>Cl\u00e9opasse Medoulou Mengolo<\/strong>, ait les cheveux grisonnants pour lui accorder sa confiance. <strong>A 27 ans<\/strong>, l\u2019actuel pensionnaire de l\u2019<strong>Ecole normale d\u2019administration et de Magistrature<\/strong> (Enam) occupe le poste d\u2019<strong>Intendant adjoint charg\u00e9 des affaires int\u00e9rieures \u00e0 l\u2019Intendance du Palais de l\u2019Unit\u00e9, des r\u00e9sidences et pavillons pr\u00e9sidentiels.<\/strong><\/p>\n<p>Il a \u00e9t\u00e9 nomm\u00e9, lundi 16 septembre 2019, en remplacement de <strong>Ren\u00e9 Eletana Ayinda<\/strong>, admis \u00e0 faire valoir ses droits \u00e0 la retraite. <strong>Cl\u00e9opasse Medoulou Mengolo<\/strong> a pour chef Christophe <strong>Foe Ndi,<\/strong> Intendant principal. Et pour proche collaborateur <strong>Patrice Ondobo Ngah<\/strong>, Intendant Adjoint charg\u00e9 des Affaires techniques.<\/p>\n<p>Dans ses habits d\u2019Intendant adjoint charg\u00e9 des affaires int\u00e9rieures \u00e0 l\u2019Intendance du Palais de l\u2019Unit\u00e9, des r\u00e9sidences et pavillons pr\u00e9sidentiels, Cl\u00e9opasse Medoulou Mengolo, devra s\u2019attaquer au probl\u00e8me de v\u00e9tust\u00e9 des r\u00e9sidences pr\u00e9sidentielles implant\u00e9es dans les r\u00e9gions du pays. C\u2019est le cas, de <strong>la r\u00e9sidence des h\u00f4tes<\/strong>, situ\u00e9e non loin de <strong>l\u2019hotel Mont-F\u00e9b\u00e9<\/strong>. Cette villa, bien que surveill\u00e9e, est dans un \u00e9tat piteux qui renseigne qu\u2019elle n\u2019a pas \u00e9t\u00e9 entretenue depuis plusieurs ann\u00e9es. Tout le pourtour du mur d\u2019enceinte est envahi par de hautes herbes qui en rajoutent paradoxalement \u00e0 son charme tropical. La cour int\u00e9rieure est recouverte de feuilles d\u2019arbres caducs qui la pars\u00e8ment, et les murs profond\u00e9ment d\u00e9fraichis par les intemp\u00e9ries.<\/p>\n<p>Idem, pour <strong>la r\u00e9sidence de souverainet\u00e9 de Garoua<\/strong> (Nord), tomb\u00e9e en d\u00e9su\u00e9tude depuis plusieurs ann\u00e9es. Ou encore celle du <strong>pavillon pr\u00e9sidentiel de Maroua<\/strong> dans l\u2019Extr\u00eame-Nord. Autres r\u00e9sidences de souverainet\u00e9 dont l\u2019\u00e9tat de d\u00e9labrement blesse la conscience, c\u2019est\u00a0<strong>celle du quartier Bonanjo<\/strong>, \u00e0 Douala, Kribi dans l\u2019Ocean ou encore Batchenga dans L\u00e9ki\u00e9\u00a0(o\u00f9 l\u2019ancien chef de l\u2019Etat\u00a0 re\u00e7ut son homologue fran\u00e7ais,\u00a0<strong>Georges Pompidou<\/strong>\u00a0en visite au Cameroun, en 1971). Des sources bien introduites susurrent que des \u00ab\u00a0<em>lignes budg\u00e9taires d\u2019ann\u00e9es en ann\u00e9es sont affect\u00e9es \u00e0 l\u2019entretien de ces palais et r\u00e9sidence pr\u00e9sidentiels. Mais sont utilis\u00e9s \u00e0 d\u2019autres fins ou simplement d\u00e9tourn\u00e9es et affect\u00e9es \u00e0 des projets priv\u00e9s\u00a0<\/em>\u00bb.<\/p>\n<p>Au plan personnel, Cl\u00e9opasse Medoulou Mengolo est consid\u00e9r\u00e9 comme un homme discret, et taiseux. L\u2019on sait de lui qu\u2019il a \u00e9t\u00e9 admis au cycle A de la <strong>division administrative de l\u2019Enam au titre de l\u2019ann\u00e9e 2018-2019<\/strong>, session des 11 et 12 ao\u00fbt 2018. Il \u00e9tait alors <strong>156\u00e8me derri\u00e8re Ines Fleur Medjo Mewolo<\/strong>, ancienne \u00e9tudiante \u00e0 l\u2019<strong>Universit\u00e9 catholique d\u2019Afrique centrale (Ucac)<\/strong>. Il est membre de la famille pr\u00e9sidentielle comme en t\u00e9moigne la photo sur la visite du <strong>pape B\u00e9no\u00eet XI<\/strong> en 2009. Cl\u00e9opasse Medoulou Mengolo, vient ainsi rallonger la liste des jeunes camerounais nomm\u00e9s \u00e0 des postes de responsabilit\u00e9. Apr\u00e8s la nomination d\u2019un jeune \u00e0 l\u2019Enam, puis au Minsant\u00e9 et d\u2019autres administrations publiques.<\/p>\n<div class=\"awac-wrapper awac widget blog_subscription-2\">\n<h4 class=\"widget-title\">Abonnez-vous \u00e0 notre lettre d&rsquo;information<\/h4>\n<\/div>\n<p>Auteur: Emile FIDIECK<br \/>\n<a href=\"https:\/\/ecomatin.net\/palais-presidentiels-les-chantiers-qui-attendent-cleopasse-medoulou\/\">Cliquez ici pour lire l&rsquo;article depuis sa source.<\/a><\/p>\n","protected":false},"excerpt":{"rendered":"<p>Comme disait Pierre Corneille, dans \u00ab Le Cid \u00bb \u00ab Aux \u00e2mes bien n\u00e9es, la valeur n\u2019attend point le nombre des ann\u00e9es \u00bb. Assur\u00e9ment, Paul Biya, pr\u00e9sident de la R\u00e9publique n\u2019aura pas attendu que Cl\u00e9opasse Medoulou Mengolo, ait les cheveux grisonnants pour lui accorder sa confiance. A 27 ans, l\u2019actuel pensionnaire de l\u2019Ecole normale d\u2019administration [&hellip;]<\/p>\n","protected":false},"author":1969,"featured_media":0,"comment_status":"closed","ping_status":"closed","sticky":false,"template":"","format":"standard","meta":{"fifu_image_url":"","fifu_image_alt":"","footnotes":""},"categories":[82,78],"tags":[],"class_list":["post-61708","post","type-post","status-publish","format-standard","hentry","category-cameroun","category-economie"],"_links":{"self":[{"href":"https:\/\/linitiative.ca\/International\/wp-json\/wp\/v2\/posts\/61708","targetHints":{"allow":["GET"]}}],"collection":[{"href":"https:\/\/linitiative.ca\/International\/wp-json\/wp\/v2\/posts"}],"about":[{"href":"https:\/\/linitiative.ca\/International\/wp-json\/wp\/v2\/types\/post"}],"author":[{"embeddable":true,"href":"https:\/\/linitiative.ca\/International\/wp-json\/wp\/v2\/users\/1969"}],"replies":[{"embeddable":true,"href":"https:\/\/linitiative.ca\/International\/wp-json\/wp\/v2\/comments?post=61708"}],"version-history":[{"count":0,"href":"https:\/\/linitiative.ca\/International\/wp-json\/wp\/v2\/posts\/61708\/revisions"}],"wp:attachment":[{"href":"https:\/\/linitiative.ca\/International\/wp-json\/wp\/v2\/media?parent=61708"}],"wp:term":[{"taxonomy":"category","embeddable":true,"href":"https:\/\/linitiative.ca\/International\/wp-json\/wp\/v2\/categories?post=61708"},{"taxonomy":"post_tag","embeddable":true,"href":"https:\/\/linitiative.ca\/International\/wp-json\/wp\/v2\/tags?post=61708"}],"curies":[{"name":"wp","href":"https:\/\/api.w.org\/{rel}","templated":true}]}}