{"id":61710,"date":"2019-09-19T12:02:59","date_gmt":"2019-09-19T16:02:59","guid":{"rendered":"https:\/\/linitiative.ca\/International\/grand-dialogue-nationale-les-exigences-de-maurice-kamto\/"},"modified":"2019-09-19T12:02:59","modified_gmt":"2019-09-19T16:02:59","slug":"grand-dialogue-nationale-les-exigences-de-maurice-kamto","status":"publish","type":"post","link":"https:\/\/linitiative.ca\/International\/grand-dialogue-nationale-les-exigences-de-maurice-kamto\/","title":{"rendered":"Grand dialogue nationale : les exigences de Maurice Kamto"},"content":{"rendered":"<p>Le pr\u00e9sident du <strong>Mouvement pour la Renaissance du Cameroun<\/strong> (<strong>MRC<\/strong>),\u00a0<strong>Maurice Kamto<\/strong>\u00a0rendu public le mercredi 18 septembre 2019 un m\u00e9morandum \u00e0 l\u2019attention du Premier ministre, chef du gouvernement\u00a0<strong>Joseph Dion Ngute.\u00a0\u00a0<\/strong>Ce m\u00e9morandum entre dans le cadre des consultations en vue du grand national annonc\u00e9 le 10 septembre 2019. A cet effet, le\u00a0<strong>MRC<\/strong>\u00a0conditionne sa participation au dialogue. Le parti\u00a0<em>\u00ab\u00a0ne saurait prendre part \u00e0 ce grand dialogue national sans la lib\u00e9ration pr\u00e9alable de son pr\u00e9sident national, des leaders des partis politiques et organisations alli\u00e9s ainsi que des militants et sympathisants du MRC arr\u00eat\u00e9s arbitrairement et d\u00e9tenus ill\u00e9galement depuis plus de sept mois pour certains\u00a0\u00bb,<\/em>\u00a0a \u00e9crit Maurice. Kamto au Premier ministre. Le professeur a \u00e9galement r\u00e9clam\u00e9 la participation au dialogue des leaders anglophones ainsi qu\u2019<em>\u00ab\u00a0une amnistie g\u00e9n\u00e9rale<\/em>\u00a0\u00bb pour toutes les personnes arr\u00eat\u00e9es dans le cadre de cette crise. Dans son m\u00e9morandum, il estime qu\u2019avoir confi\u00e9 l\u2019organisation et la pr\u00e9sidence du dialogue au Premier ministre, membre du parti au pouvoir, est susceptible de\u00a0<em>\u00ab\u00a0d\u00e9cr\u00e9dibiliser\u00a0\u00bb<\/em>\u00a0cette initiative. Dans la m\u00eame veine, il soutient que la plupart des cat\u00e9gories des personnalit\u00e9s consult\u00e9es avant le d\u00e9but dudit dialogue, le 30 septembre 2019, est\u00a0<em>\u00ab \u00e0 craindre que le dialogue soit d\u00e9s\u00e9quilibr\u00e9 et ne produise pas les r\u00e9sultats attendus pour r\u00e9soudre durablement les crises multiformes auxquelles le pays est confront\u00e9, particuli\u00e8rement celle des r\u00e9gions anglophones \u00bb.<\/em><\/p>\n<p>S\u2019agissant de l\u2019ordre du jour, le\u00a0<strong>MRC\u00a0<\/strong>r\u00e9v\u00e8le qu\u2019il faudra parler de la forme de l\u2019Etat, la r\u00e9forme du syst\u00e8me \u00e9lectoral, l\u2019ind\u00e9pendance de la justice, le respect des droits de l\u2019homme et des libert\u00e9s, la protection de la fortune publique et le statut de la diaspora. Sur l\u2019organisation des d\u00e9bats, Maurice Kamto appelle \u00e0 une personnalit\u00e9 neutre et \u00e0 l\u2019implication de la communaut\u00e9 internationale. Aussi, le pr\u00e9sident du MRC juge que l\u2019arm\u00e9e doit \u00eatre repr\u00e9sent\u00e9e \u00e0 ce grand dialogue national par des politiques et, les groupes arm\u00e9s, par leurs leaders politiques.<\/p>\n<p>Pour rappel, le pr\u00e9sident Paul Biya avait annonc\u00e9 le 10 septembre la tenue d\u2019un grand dialogue national \u00e0 la fin du mois en cours pour r\u00e9soudre la crise anglophone. Il avait charg\u00e9 son Premier ministre \u00e0 mener ce dialogue. Pour ce faire,\u00a0<strong>Joseph Dion Ngute,<\/strong>\u00a0a entam\u00e9 des consultations le 17 septembre. Lesquelles consultations se poursuivront jusqu\u2019au 27 du m\u00eame mois. L\u2019\u00e9v\u00e9nement se tiendra du 30 septembre au 4 octobre 2019 \u00e0 Yaound\u00e9. L\u2019objectif est de r\u00e9unir les voies et moyens pour favoriser un retour \u00e0 la paix\u00a0\u00a0dans les r\u00e9gions du Nord-Ouest et du Sud-Ouest. Depuis 2016, elles sont anim\u00e9es par des tensions, suite \u00e0 des revendications corporatistes des avocats et enseignants anglophones. Ces mouvements d\u2019humeur ont ensuite d\u00e9g\u00e9n\u00e9r\u00e9 en revendications ind\u00e9pendantistes \u00e0 partir de 2017, transformant ces deux r\u00e9gions anglophones du Cameroun en th\u00e9\u00e2tre d\u2019affrontements entre l\u2019arm\u00e9e r\u00e9guli\u00e8re et les militants s\u00e9paratistes.<\/p>\n<div class=\"rpbt_shortcode\">\n<h3>Voir aussi :<\/h3>\n<\/div>\n<div class=\"about-author about-author-box container-wrapper\">\n<div class=\"author-avatar\">\n<p><img decoding=\"async\" src=\"http:\/\/\" alt=\"\"\/><\/p>\n<\/div>\n<p><h4>La R\u00e9daction EcoMatin<\/h4>\n<\/p>\n<\/div>\n<div class=\"awac-wrapper awac widget blog_subscription-2\">\n<h4 class=\"widget-title\">Abonnez-vous \u00e0 notre lettre d&rsquo;information<\/h4>\n<\/div>\n<p>Auteur: EcoMatin<br \/>\n<a href=\"https:\/\/ecomatin.net\/grand-dialogue-nationale-maurice-kamto-et-ses-allies-veulent-participer-libres\/\">Cliquez ici pour lire l&rsquo;article depuis sa source.<\/a><\/p>\n","protected":false},"excerpt":{"rendered":"<p>Le pr\u00e9sident du Mouvement pour la Renaissance du Cameroun (MRC),\u00a0Maurice Kamto\u00a0rendu public le mercredi 18 septembre 2019 un m\u00e9morandum \u00e0 l\u2019attention du Premier ministre, chef du gouvernement\u00a0Joseph Dion Ngute.\u00a0\u00a0Ce m\u00e9morandum entre dans le cadre des consultations en vue du grand national annonc\u00e9 le 10 septembre 2019. A cet effet, le\u00a0MRC\u00a0conditionne sa participation au dialogue. Le [&hellip;]<\/p>\n","protected":false},"author":1969,"featured_media":0,"comment_status":"closed","ping_status":"closed","sticky":false,"template":"","format":"standard","meta":{"fifu_image_url":"","fifu_image_alt":"","footnotes":""},"categories":[82,78],"tags":[],"class_list":["post-61710","post","type-post","status-publish","format-standard","hentry","category-cameroun","category-economie"],"_links":{"self":[{"href":"https:\/\/linitiative.ca\/International\/wp-json\/wp\/v2\/posts\/61710","targetHints":{"allow":["GET"]}}],"collection":[{"href":"https:\/\/linitiative.ca\/International\/wp-json\/wp\/v2\/posts"}],"about":[{"href":"https:\/\/linitiative.ca\/International\/wp-json\/wp\/v2\/types\/post"}],"author":[{"embeddable":true,"href":"https:\/\/linitiative.ca\/International\/wp-json\/wp\/v2\/users\/1969"}],"replies":[{"embeddable":true,"href":"https:\/\/linitiative.ca\/International\/wp-json\/wp\/v2\/comments?post=61710"}],"version-history":[{"count":0,"href":"https:\/\/linitiative.ca\/International\/wp-json\/wp\/v2\/posts\/61710\/revisions"}],"wp:attachment":[{"href":"https:\/\/linitiative.ca\/International\/wp-json\/wp\/v2\/media?parent=61710"}],"wp:term":[{"taxonomy":"category","embeddable":true,"href":"https:\/\/linitiative.ca\/International\/wp-json\/wp\/v2\/categories?post=61710"},{"taxonomy":"post_tag","embeddable":true,"href":"https:\/\/linitiative.ca\/International\/wp-json\/wp\/v2\/tags?post=61710"}],"curies":[{"name":"wp","href":"https:\/\/api.w.org\/{rel}","templated":true}]}}