{"id":61711,"date":"2019-09-19T13:45:38","date_gmt":"2019-09-19T17:45:38","guid":{"rendered":"https:\/\/linitiative.ca\/International\/soupcons-de-fraude-a-lenam-un-magistrat-adresse-une-lettre-ouverte-a-paul-biya\/"},"modified":"2019-09-19T13:45:38","modified_gmt":"2019-09-19T17:45:38","slug":"soupcons-de-fraude-a-lenam-un-magistrat-adresse-une-lettre-ouverte-a-paul-biya","status":"publish","type":"post","link":"https:\/\/linitiative.ca\/International\/soupcons-de-fraude-a-lenam-un-magistrat-adresse-une-lettre-ouverte-a-paul-biya\/","title":{"rendered":"Soup\u00e7ons de  fraude \u00e0 l\u2019Enam : un magistrat adresse une lettre ouverte \u00e0 Paul Biya"},"content":{"rendered":"<div class=\"featured-area featured-area-inner\"><img loading=\"lazy\" decoding=\"async\" width=\"780\" height=\"405\" src=\"https:\/\/i1.wp.com\/ecomatin.net\/wp-content\/uploads\/2019\/09\/ecomatin.net-soupcons-de-fraude-a-lenam-un-magistrat-adresse-une-lettre-ouverte-a-paul-biya-enam.jpg?resize=780%2C405&#038;ssl=1&#038;is-pending-load=1\" class=\"attachment-jannah-image-post size-jannah-image-post wp-post-image jetpack-lazy-image\" alt=\"\" data-attachment-id=\"11622\" data-permalink=\"https:\/\/ecomatin.net\/soupcons-de-fraude-a-lenam-un-magistrat-adresse-une-lettre-ouverte-a-paul-biya\/enam-2\/\" data-orig-file=\"https:\/\/i1.wp.com\/ecomatin.net\/wp-content\/uploads\/2019\/09\/ecomatin.net-soupcons-de-fraude-a-lenam-un-magistrat-adresse-une-lettre-ouverte-a-paul-biya-enam.jpg?fit=1544%2C795&#038;ssl=1\" data-orig-size=\"1544,795\" data-comments-opened=\"0\" data-image-meta=\"{\"aperture\":\"0\",\"credit\":\"\",\"camera\":\"\",\"caption\":\"\",\"created_timestamp\":\"0\",\"copyright\":\"\",\"focal_length\":\"0\",\"iso\":\"0\",\"shutter_speed\":\"0\",\"title\":\"\",\"orientation\":\"0\"}\" data-image-title=\"enam\" data-image-description=\"\" data-medium-file=\"https:\/\/i1.wp.com\/ecomatin.net\/wp-content\/uploads\/2019\/09\/ecomatin.net-soupcons-de-fraude-a-lenam-un-magistrat-adresse-une-lettre-ouverte-a-paul-biya-enam.jpg?fit=300%2C154&#038;ssl=1\" data-large-file=\"https:\/\/i1.wp.com\/ecomatin.net\/wp-content\/uploads\/2019\/09\/ecomatin.net-soupcons-de-fraude-a-lenam-un-magistrat-adresse-une-lettre-ouverte-a-paul-biya-enam.jpg?fit=1024%2C527&#038;ssl=1\" srcset=\"data:image\/gif;base64,R0lGODlhAQABAIAAAAAAAP\/\/\/yH5BAEAAAAALAAAAAABAAEAAAIBRAA7\"\/><\/div>\n<div class=\"entry-content entry clearfix\" readability=\"63\">\n<p><strong>Ren\u00e9 Francis Bayong,<\/strong> Magistrat de 1<sup>er<\/sup> grade pr\u00e8s la Cour d\u2019appel du Sud n\u2019a pas fait l\u2019\u00e9conomie des mots. Dans sa lettre adress\u00e9e au pr\u00e9sident de la R\u00e9publique, il d\u00e9nonce vivement les fraudes \u00e0 l\u2019entr\u00e9e de <strong>l\u2019Ecole nationale d\u2019Administration et de magistrature<\/strong> (Enam). En rapport avec l\u2019incident survenu \u00e0 la session de 2019-2020 au sein de cette institution, le Magistrat dira \u00ab\u00a0<em>nous sommes toujours surpris de voir certains de nos candidats m\u00e9diocres r\u00e9ussir contrairement aux candidats les plus brillants et cela cause en nous un profond trouble int\u00e9rieur quand nous savons fournissent ces jeunes qui pour certains se pr\u00e9parent une ann\u00e9e enti\u00e8re pour esp\u00e9rer acqu\u00e9rir les aptitudes n\u00e9cessaires<\/em>\u00a0\u00bb.<\/p>\n<p><strong>Ren\u00e9 Francis Bayong<\/strong> pr\u00e9conise donc \u00ab\u00a0\u2026<em>M. le Pr\u00e9sident de la R\u00e9publique, que le recrutement dans cette fonction publique doit respecter les engagements internationaux auxquels notre pays sous votre direction a souscrit notamment le principe de l\u2019\u00e9galit\u00e9 de tous les citoyens dont le corollaire est celui de l\u2019\u00e9gal acc\u00e8s aux emplois publics<\/em>\u00a0\u00bb. A cela il ajoute \u00ab\u00a0<em>cette \u00e9galit\u00e9 qui suppose une transparence dans l\u2019organisation des concours administratifs apparait comme le seul gage de la paix et de la stabilit\u00e9 sociale.<\/em> \u00bb D\u2019apr\u00e8s lui, comment trouver les mots pour une candidate de 30 ans, qui depuis quatre ann\u00e9es cons\u00e9cutives (2016, 2017, 2018, 2019) est admissible \u00e0 la section administrative de la magistrature sans jamais \u00eatre admise\u00a0?<\/p>\n<p>A sa connaissance, les pratiques r\u00e9currentes \u00e0 l\u2019Enam ont \u00e9t\u00e9 institu\u00e9es par certaines personnalit\u00e9s qui semblent courir avec le temps et veulent \u00e0 tout prix caser leur prog\u00e9niture quel que soit le moyen utilis\u00e9. Parlant des deals, le Magistrat indique que \u00ab\u00a0les prix d\u2019achat souvent tr\u00e8s \u00e9lev\u00e9s varient de <strong>5 \u00e0 8 millions FCFA<\/strong> pour le cycle B (niveau Baccalaur\u00e9at) et de <strong>7 \u00e0 12 millions FCFA<\/strong> pour le cycle A (niveau licence et magistrature) \u00bb.<\/p>\n<p>Afin de mettre fin \u00e0 ces pratiques, il pr\u00e9conise, entre autres mesures\u00a0: la reprise pure et simple de tout le processus du concours d\u2019entr\u00e9e \u00e0 l\u2019Enam session 2019 avec les m\u00eames candidats aux nouvelles dates ou \u00e0 d\u00e9faut l\u2019admission d\u00e9finitive des candidats ayant obtenu au moins deux admissibilit\u00e9s. Ensuite l\u2019admission de tous les candidats \u00e2g\u00e9s de 32 ans qui ont \u00e9t\u00e9 admissibles lors de cette session de 2019 et qui ont finalement \u00e9chou\u00e9. Aussi sugg\u00e8re-t-il la cr\u00e9ation d\u2019une direction des concours administratifs \u00e0 la Pr\u00e9sidence de la R\u00e9publique ou au Premier minist\u00e8re charg\u00e9e de veiller sur la transparence et l\u2019objectivit\u00e9 dans les concours officiels.<\/p>\n<div class=\"about-author about-author-box container-wrapper\">\n<div class=\"author-avatar\">\n<p><img decoding=\"async\" src=\"http:\/\/\" alt=\"\"\/><\/p>\n<\/div>\n<p><h4>La R\u00e9daction EcoMatin<\/h4>\n<\/p>\n<\/div>\n<div class=\"awac-wrapper awac widget blog_subscription-2\">\n<h4 class=\"widget-title\">Abonnez-vous \u00e0 notre lettre d&rsquo;information<\/h4>\n<\/div>\n<\/div>\n<div class=\"toggle-post-content clearfix\"><a id=\"toggle-post-button\" class=\"button\" href=\"#\">Afficher plus <\/a><\/div>\n<p>Auteur: EcoMatin<br \/>\n<a href=\"https:\/\/ecomatin.net\/soupcons-de-fraude-a-lenam-un-magistrat-adresse-une-lettre-ouverte-a-paul-biya\/\">Cliquez ici pour lire l&rsquo;article depuis sa source.<\/a><\/p>\n","protected":false},"excerpt":{"rendered":"<p>Ren\u00e9 Francis Bayong, Magistrat de 1er grade pr\u00e8s la Cour d\u2019appel du Sud n\u2019a pas fait l\u2019\u00e9conomie des mots. Dans sa lettre adress\u00e9e au pr\u00e9sident de la R\u00e9publique, il d\u00e9nonce vivement les fraudes \u00e0 l\u2019entr\u00e9e de l\u2019Ecole nationale d\u2019Administration et de magistrature (Enam). En rapport avec l\u2019incident survenu \u00e0 la session de 2019-2020 au sein [&hellip;]<\/p>\n","protected":false},"author":1969,"featured_media":0,"comment_status":"closed","ping_status":"closed","sticky":false,"template":"","format":"standard","meta":{"fifu_image_url":"","fifu_image_alt":"","footnotes":""},"categories":[82,78],"tags":[],"class_list":["post-61711","post","type-post","status-publish","format-standard","hentry","category-cameroun","category-economie"],"_links":{"self":[{"href":"https:\/\/linitiative.ca\/International\/wp-json\/wp\/v2\/posts\/61711","targetHints":{"allow":["GET"]}}],"collection":[{"href":"https:\/\/linitiative.ca\/International\/wp-json\/wp\/v2\/posts"}],"about":[{"href":"https:\/\/linitiative.ca\/International\/wp-json\/wp\/v2\/types\/post"}],"author":[{"embeddable":true,"href":"https:\/\/linitiative.ca\/International\/wp-json\/wp\/v2\/users\/1969"}],"replies":[{"embeddable":true,"href":"https:\/\/linitiative.ca\/International\/wp-json\/wp\/v2\/comments?post=61711"}],"version-history":[{"count":0,"href":"https:\/\/linitiative.ca\/International\/wp-json\/wp\/v2\/posts\/61711\/revisions"}],"wp:attachment":[{"href":"https:\/\/linitiative.ca\/International\/wp-json\/wp\/v2\/media?parent=61711"}],"wp:term":[{"taxonomy":"category","embeddable":true,"href":"https:\/\/linitiative.ca\/International\/wp-json\/wp\/v2\/categories?post=61711"},{"taxonomy":"post_tag","embeddable":true,"href":"https:\/\/linitiative.ca\/International\/wp-json\/wp\/v2\/tags?post=61711"}],"curies":[{"name":"wp","href":"https:\/\/api.w.org\/{rel}","templated":true}]}}