{"id":61712,"date":"2019-09-19T13:59:10","date_gmt":"2019-09-19T17:59:10","guid":{"rendered":"https:\/\/linitiative.ca\/International\/le-grand-dialogue-national-a-son-site-internet\/"},"modified":"2019-09-19T13:59:10","modified_gmt":"2019-09-19T17:59:10","slug":"le-grand-dialogue-national-a-son-site-internet","status":"publish","type":"post","link":"https:\/\/linitiative.ca\/International\/le-grand-dialogue-national-a-son-site-internet\/","title":{"rendered":"Le Grand dialogue national a son site internet"},"content":{"rendered":"<div class=\"featured-area featured-area-inner\"><img loading=\"lazy\" decoding=\"async\" width=\"780\" height=\"405\" src=\"https:\/\/i2.wp.com\/ecomatin.net\/wp-content\/uploads\/2019\/09\/ecomatin.net-le-grand-dialogue-national-a-son-site-internet-capture-decran-165.png?resize=780%2C405&#038;ssl=1&#038;is-pending-load=1\" class=\"attachment-jannah-image-post size-jannah-image-post wp-post-image jetpack-lazy-image\" alt=\"\" data-attachment-id=\"11627\" data-permalink=\"https:\/\/ecomatin.net\/le-grand-dialogue-national-a-son-site-internet\/capture-decran-165\/\" data-orig-file=\"https:\/\/i2.wp.com\/ecomatin.net\/wp-content\/uploads\/2019\/09\/ecomatin.net-le-grand-dialogue-national-a-son-site-internet-capture-decran-165.png?fit=1382%2C830&#038;ssl=1\" data-orig-size=\"1382,830\" data-comments-opened=\"0\" data-image-meta=\"{\"aperture\":\"0\",\"credit\":\"\",\"camera\":\"\",\"caption\":\"\",\"created_timestamp\":\"0\",\"copyright\":\"\",\"focal_length\":\"0\",\"iso\":\"0\",\"shutter_speed\":\"0\",\"title\":\"\",\"orientation\":\"0\"}\" data-image-title=\"Capture d\u2019\u00e9cran (165)\" data-image-description=\"\" data-medium-file=\"https:\/\/i2.wp.com\/ecomatin.net\/wp-content\/uploads\/2019\/09\/ecomatin.net-le-grand-dialogue-national-a-son-site-internet-capture-decran-165.png?fit=300%2C180&#038;ssl=1\" data-large-file=\"https:\/\/i2.wp.com\/ecomatin.net\/wp-content\/uploads\/2019\/09\/ecomatin.net-le-grand-dialogue-national-a-son-site-internet-capture-decran-165.png?fit=1024%2C615&#038;ssl=1\" srcset=\"data:image\/gif;base64,R0lGODlhAQABAIAAAAAAAP\/\/\/yH5BAEAAAAALAAAAAABAAEAAAIBRAA7\"\/><\/div>\n<div class=\"entry-content entry clearfix\" readability=\"62.5571478504\">\n<p><em><a href=\"http:\/\/www.nationaldialogue.cm\/\">www.nationaldialogue.cm<\/a><\/em>, c\u2019est l\u2019adresse du site internet que viennent de cr\u00e9er les services du Premier ministre, <strong>Joseph Dion Ngute<\/strong> charg\u00e9 de pr\u00e9sider les assises du <strong>grand dialogue national<\/strong> annonc\u00e9 par le pr\u00e9sident de la R\u00e9publique, pour le 30 septembre 2019. D\u2019apr\u00e8s les explications contenues dans le communiqu\u00e9 qui annonce l\u2019existence de site, cette plateforme a \u00e9t\u00e9 cr\u00e9\u00e9e \u00e0 l\u2019effet \u00ab\u00a0<em>de recueillir les contributions de toutes les personnes d\u00e9sireuses de participer \u00e0 cet important dialogue<\/em>\u00a0\u00bb. Ces contributions, apprend-on, seront transmises aux services du Premier ministre pour centralisation et exploitation.<\/p>\n<p>S\u2019agissant du site en lui-m\u00eame, la page d\u2019accueil permet aux internautes de constater qu\u2019il est bilingue, cadrant d\u00e9j\u00e0 avec une th\u00e9matique qui sera tr\u00e8s d\u00e9battue lors des assises. Cinq principales rubriques permettent aux visiteurs d\u2019en savoir davantage. Celle li\u00e9e au \u00ab\u00a0Infos pratiques\u00a0\u00bb devrait retenir une plus grande attention du public, puisque c\u2019est elle qui contient le lien leur permettant d\u2019apporter leurs contributions via ce moyen \u00e9lectronique. La m\u00eame rubrique contient \u00e9galement des adresses qui permettent \u00e0 ceux qui le souhaitent, de se faire inviter\u00a0; aux m\u00e9dias qui veulent couvrir l\u2019\u00e9v\u00e8nement de saisir les organisateurs\u00a0; ou encore aux participants de contacter les h\u00f4tels agr\u00e9\u00e9s.<\/p>\n<p>Le menu de ce site permet aussi d\u2019avoir la \u00ab\u00a0pr\u00e9sentation\u00a0\u00bb qui d\u00e9cline, entre autres, les th\u00e8mes et les objectifs de ce rendez-vous, ainsi que d\u2019autres informations sur la logistique. On a aussi un espace r\u00e9serv\u00e9 aux r\u00e9actions des personnes issues de toutes les composantes sociologiques du Cameroun et qui leur permet de donner leurs avis sur la tenue du dialogue. Tout comme la rubrique r\u00e9serv\u00e9e au programme et qui donne la possibilit\u00e9 au public de savoir ce qui se passe et \u00e0 quel moment.<\/p>\n<p>Rappelons que le Dialogue national convoqu\u00e9 par Paul Biya le 10 septembre est consacr\u00e9 \u00e0 l\u2019examen des voies et moyens permettant de r\u00e9pondre aux aspirations des populations des r\u00e9gions du Nord-ouest et du Sud-ouest, et de toutes les autres composantes de la Nation. Le Premier ministre souligne par ailleurs que les personnes ne pouvant acc\u00e9der au site internet peuvent d\u00e9poser leurs contributions directement dans ses services, ou alors dans les services de commandement (gouverneurs, pr\u00e9fectures, sous-pr\u00e9fectures) et les ambassades, pour les Camerounais r\u00e9sidant \u00e0 l\u2019\u00e9tranger.<\/p>\n<div class=\"rpbt_shortcode\">\n<h3>Voir aussi :<\/h3>\n<\/div>\n<div class=\"about-author about-author-box container-wrapper\">\n<div class=\"author-avatar\">\n<p><img decoding=\"async\" src=\"http:\/\/\" alt=\"\"\/><\/p>\n<\/div>\n<p><h4>La R\u00e9daction EcoMatin<\/h4>\n<\/p>\n<\/div>\n<div class=\"awac-wrapper awac widget blog_subscription-2\">\n<h4 class=\"widget-title\">Abonnez-vous \u00e0 notre lettre d&rsquo;information<\/h4>\n<\/div>\n<\/div>\n<div class=\"toggle-post-content clearfix\"><a id=\"toggle-post-button\" class=\"button\" href=\"#\">Afficher plus <\/a><\/div>\n<p>Auteur: EcoMatin<br \/>\n<a href=\"https:\/\/ecomatin.net\/le-grand-dialogue-national-a-son-site-internet\/\">Cliquez ici pour lire l&rsquo;article depuis sa source.<\/a><\/p>\n","protected":false},"excerpt":{"rendered":"<p>www.nationaldialogue.cm, c\u2019est l\u2019adresse du site internet que viennent de cr\u00e9er les services du Premier ministre, Joseph Dion Ngute charg\u00e9 de pr\u00e9sider les assises du grand dialogue national annonc\u00e9 par le pr\u00e9sident de la R\u00e9publique, pour le 30 septembre 2019. D\u2019apr\u00e8s les explications contenues dans le communiqu\u00e9 qui annonce l\u2019existence de site, cette plateforme a \u00e9t\u00e9 [&hellip;]<\/p>\n","protected":false},"author":1969,"featured_media":0,"comment_status":"closed","ping_status":"closed","sticky":false,"template":"","format":"standard","meta":{"fifu_image_url":"","fifu_image_alt":"","footnotes":""},"categories":[82,78],"tags":[],"class_list":["post-61712","post","type-post","status-publish","format-standard","hentry","category-cameroun","category-economie"],"_links":{"self":[{"href":"https:\/\/linitiative.ca\/International\/wp-json\/wp\/v2\/posts\/61712","targetHints":{"allow":["GET"]}}],"collection":[{"href":"https:\/\/linitiative.ca\/International\/wp-json\/wp\/v2\/posts"}],"about":[{"href":"https:\/\/linitiative.ca\/International\/wp-json\/wp\/v2\/types\/post"}],"author":[{"embeddable":true,"href":"https:\/\/linitiative.ca\/International\/wp-json\/wp\/v2\/users\/1969"}],"replies":[{"embeddable":true,"href":"https:\/\/linitiative.ca\/International\/wp-json\/wp\/v2\/comments?post=61712"}],"version-history":[{"count":0,"href":"https:\/\/linitiative.ca\/International\/wp-json\/wp\/v2\/posts\/61712\/revisions"}],"wp:attachment":[{"href":"https:\/\/linitiative.ca\/International\/wp-json\/wp\/v2\/media?parent=61712"}],"wp:term":[{"taxonomy":"category","embeddable":true,"href":"https:\/\/linitiative.ca\/International\/wp-json\/wp\/v2\/categories?post=61712"},{"taxonomy":"post_tag","embeddable":true,"href":"https:\/\/linitiative.ca\/International\/wp-json\/wp\/v2\/tags?post=61712"}],"curies":[{"name":"wp","href":"https:\/\/api.w.org\/{rel}","templated":true}]}}