{"id":61714,"date":"2019-09-19T17:39:49","date_gmt":"2019-09-19T21:39:49","guid":{"rendered":"https:\/\/linitiative.ca\/International\/enquete-judiciaire-sur-un-reseau-dimmigration-clandestine\/"},"modified":"2019-09-19T17:39:49","modified_gmt":"2019-09-19T21:39:49","slug":"enquete-judiciaire-sur-un-reseau-dimmigration-clandestine","status":"publish","type":"post","link":"https:\/\/linitiative.ca\/International\/enquete-judiciaire-sur-un-reseau-dimmigration-clandestine\/","title":{"rendered":"Enqu\u00eate judiciaire sur un r\u00e9seau d\u2019immigration clandestine"},"content":{"rendered":"<div class=\"single-featured\"><img alt=\"\" data-src=\"http:\/\/www.mapoujda.ma\/map\/uploads\/2019\/03\/\u0627\u0644\u0645\u062f\u064a\u0631\u064a\u0629-\u0627\u0644\u0639\u0627\u0645\u0629-\u0644\u0644\u0623\u0645\u0646-\u0627\u0644\u0648\u0637\u0646\u064a.jpg\"\/><\/div>\n<div class=\"entry-content clearfix single-post-content\" readability=\"61\">\n<p class=\"c1\">Le service pr\u00e9fectoral de la police judiciaire d\u2019Oujda a ouvert, jeudi, une enqu\u00eate judiciaire sous la supervision du parquet comp\u00e9tent en vue d\u2019identifier un r\u00e9seau criminel impliqu\u00e9 dans l\u2019organisation d\u2019op\u00e9rations d\u2019immigration clandestine et de d\u00e9terminer ses ramifications et ses liens \u00e9ventuels avec d\u2019autres organisations criminelles op\u00e9rant au Maroc ou \u00e0 l\u2019\u00e9tranger.<\/p>\n<p class=\"c1\">Les services de s\u00fbret\u00e9 de la ville d\u2019Oujda avaient appr\u00e9hend\u00e9, t\u00f4t jeudi, deux Marocaines en compagnie de 90 ressortissants de pays d\u2019Afrique Subsaharienne candidats \u00e0 l\u2019immigration clandestine, dont 7 femmes et 15 mineurs, pour leur implication pr\u00e9sum\u00e9e dans l\u2019organisation d\u2019op\u00e9rations d\u2019immigration ill\u00e9gale vers l\u2019Europe, indique un communiqu\u00e9 de la Direction g\u00e9n\u00e9rale de la s\u00fbret\u00e9 nationale (DGSN).<\/p>\n<p class=\"c1\">L\u2019arrestation des deux Marocaines et des ressortissants subsahariens candidats \u00e0 la migration clandestine intervient \u00e0 l\u2019issue d\u2019op\u00e9rations s\u00e9curitaires effectu\u00e9es dans quatre maisons situ\u00e9es \u00e0 Hay Al Andalous et Hay Ben Mrah, pr\u00e9cise la m\u00eame source, relevant que les perquisitions ont permis de mettre la main sur un ensemble de documents de voyage, dont certains appartiennent aux individus arr\u00eat\u00e9s et le reste \u00e0 d\u2019autres personnes.<\/p>\n<p class=\"c1\">Tous les suspects ont \u00e9t\u00e9 soumis \u00e0 une enqu\u00eate judiciaire afin de d\u00e9terminer leur implication dans l\u2019organisation d\u2019op\u00e9rations d\u2019immigration ill\u00e9gale vers l\u2019Europe ainsi que les ramifications et les liens de ce r\u00e9seau criminel aux niveaux national et international, conclut la m\u00eame source.<\/p>\n<\/div>\n<p>Auteur: Soufiane ELAHMAR<br \/>\n<a href=\"http:\/\/www.mapoujda.ma\/fr\/enquete-judiciaire-sur-un-reseau-dimmigration-clandestine\/\">Cliquez ici pour lire l&rsquo;article depuis sa source.<\/a><\/p>\n","protected":false},"excerpt":{"rendered":"<p>Le service pr\u00e9fectoral de la police judiciaire d\u2019Oujda a ouvert, jeudi, une enqu\u00eate judiciaire sous la supervision du parquet comp\u00e9tent en vue d\u2019identifier un r\u00e9seau criminel impliqu\u00e9 dans l\u2019organisation d\u2019op\u00e9rations d\u2019immigration clandestine et de d\u00e9terminer ses ramifications et ses liens \u00e9ventuels avec d\u2019autres organisations criminelles op\u00e9rant au Maroc ou \u00e0 l\u2019\u00e9tranger. Les services de s\u00fbret\u00e9 [&hellip;]<\/p>\n","protected":false},"author":1788,"featured_media":61717,"comment_status":"closed","ping_status":"closed","sticky":false,"template":"","format":"standard","meta":{"fifu_image_url":"","fifu_image_alt":"","footnotes":""},"categories":[54,76],"tags":[],"class_list":["post-61714","post","type-post","status-publish","format-standard","has-post-thumbnail","hentry","category-maroc","category-regions"],"_links":{"self":[{"href":"https:\/\/linitiative.ca\/International\/wp-json\/wp\/v2\/posts\/61714","targetHints":{"allow":["GET"]}}],"collection":[{"href":"https:\/\/linitiative.ca\/International\/wp-json\/wp\/v2\/posts"}],"about":[{"href":"https:\/\/linitiative.ca\/International\/wp-json\/wp\/v2\/types\/post"}],"author":[{"embeddable":true,"href":"https:\/\/linitiative.ca\/International\/wp-json\/wp\/v2\/users\/1788"}],"replies":[{"embeddable":true,"href":"https:\/\/linitiative.ca\/International\/wp-json\/wp\/v2\/comments?post=61714"}],"version-history":[{"count":0,"href":"https:\/\/linitiative.ca\/International\/wp-json\/wp\/v2\/posts\/61714\/revisions"}],"wp:featuredmedia":[{"embeddable":true,"href":"https:\/\/linitiative.ca\/International\/wp-json\/"}],"wp:attachment":[{"href":"https:\/\/linitiative.ca\/International\/wp-json\/wp\/v2\/media?parent=61714"}],"wp:term":[{"taxonomy":"category","embeddable":true,"href":"https:\/\/linitiative.ca\/International\/wp-json\/wp\/v2\/categories?post=61714"},{"taxonomy":"post_tag","embeddable":true,"href":"https:\/\/linitiative.ca\/International\/wp-json\/wp\/v2\/tags?post=61714"}],"curies":[{"name":"wp","href":"https:\/\/api.w.org\/{rel}","templated":true}]}}