{"id":61718,"date":"2019-09-19T17:56:04","date_gmt":"2019-09-19T21:56:04","guid":{"rendered":"https:\/\/linitiative.ca\/International\/les-coquillages-de-ras-kebdana-saidia-interdits-de-recolte\/"},"modified":"2019-09-19T17:56:04","modified_gmt":"2019-09-19T21:56:04","slug":"les-coquillages-de-ras-kebdana-saidia-interdits-de-recolte","status":"publish","type":"post","link":"https:\/\/linitiative.ca\/International\/les-coquillages-de-ras-kebdana-saidia-interdits-de-recolte\/","title":{"rendered":"Les coquillages de Ras Kebdana-Sa\u00efdia interdits de r\u00e9colte"},"content":{"rendered":"<div class=\"single-featured\"><img alt=\"\" data-src=\"http:\/\/www.mapoujda.ma\/map\/uploads\/2019\/09\/r\u00e9colte-des-coquillages-M750\u00d7430.jpg\"\/><\/div>\n<div class=\"entry-content clearfix single-post-content\" readability=\"55\">\n<p class=\"c1\">Le d\u00e9partement de la P\u00eache maritime a d\u00e9cid\u00e9 d\u2019interdire la r\u00e9colte et la commercialisation des coquillages issus de la zone conchylicole class\u00e9e Ras Kebdana-Sa\u00efdia relevant de la circonscription maritime de Nador, et ce jusqu\u2019\u00e0 \u00e9puration totale du milieu.<\/p>\n<p class=\"c1\">Les r\u00e9sultats d\u2019analyses effectu\u00e9es par l\u2019Institut national de recherche halieutique (INRH) au niveau de la zone conchylicole class\u00e9e Ras Kebdana-Sa\u00efdia relevant de la circonscription maritime de Nador \u00ab\u00a0d\u00e9notent la pr\u00e9sence de biotoxines marines dans la petite praire \u00e0 des teneurs anormales\u00a0\u00bb, indique un communiqu\u00e9 du minist\u00e8re de l\u2019Agriculture, de la P\u00eache maritime, du D\u00e9veloppement rural et des Eaux et for\u00eats.<\/p>\n<p class=\"c1\">En cons\u00e9quence, le d\u00e9partement de la P\u00eache maritime recommande \u00ab\u00a0aux consommateurs de ne s\u2019approvisionner qu\u2019en produits conditionn\u00e9s, portant les \u00e9tiquettes sanitaires d\u2019identification et commercialis\u00e9s dans les points de vente autoris\u00e9s (march\u00e9s officiels)\u00a0\u00bb, rel\u00e8ve le communiqu\u00e9.<\/p>\n<p class=\"c1\">Les coquillages colport\u00e9s ou vendus en vrac ne pr\u00e9sentent aucune garantie de salubrit\u00e9 et constituent un danger pour la sant\u00e9 publique, avertit le minist\u00e8re.<\/p>\n<\/div>\n<p>Auteur: Soufiane ELAHMAR<br \/>\n<a href=\"http:\/\/www.mapoujda.ma\/fr\/les-coquillages-de-ras-kebdana-saidia-interdits-de-recolte\/\">Cliquez ici pour lire l&rsquo;article depuis sa source.<\/a><\/p>\n","protected":false},"excerpt":{"rendered":"<p>Le d\u00e9partement de la P\u00eache maritime a d\u00e9cid\u00e9 d\u2019interdire la r\u00e9colte et la commercialisation des coquillages issus de la zone conchylicole class\u00e9e Ras Kebdana-Sa\u00efdia relevant de la circonscription maritime de Nador, et ce jusqu\u2019\u00e0 \u00e9puration totale du milieu. Les r\u00e9sultats d\u2019analyses effectu\u00e9es par l\u2019Institut national de recherche halieutique (INRH) au niveau de la zone conchylicole [&hellip;]<\/p>\n","protected":false},"author":1788,"featured_media":61720,"comment_status":"closed","ping_status":"closed","sticky":false,"template":"","format":"standard","meta":{"fifu_image_url":"","fifu_image_alt":"","footnotes":""},"categories":[54,76],"tags":[],"class_list":["post-61718","post","type-post","status-publish","format-standard","has-post-thumbnail","hentry","category-maroc","category-regions"],"_links":{"self":[{"href":"https:\/\/linitiative.ca\/International\/wp-json\/wp\/v2\/posts\/61718","targetHints":{"allow":["GET"]}}],"collection":[{"href":"https:\/\/linitiative.ca\/International\/wp-json\/wp\/v2\/posts"}],"about":[{"href":"https:\/\/linitiative.ca\/International\/wp-json\/wp\/v2\/types\/post"}],"author":[{"embeddable":true,"href":"https:\/\/linitiative.ca\/International\/wp-json\/wp\/v2\/users\/1788"}],"replies":[{"embeddable":true,"href":"https:\/\/linitiative.ca\/International\/wp-json\/wp\/v2\/comments?post=61718"}],"version-history":[{"count":0,"href":"https:\/\/linitiative.ca\/International\/wp-json\/wp\/v2\/posts\/61718\/revisions"}],"wp:featuredmedia":[{"embeddable":true,"href":"https:\/\/linitiative.ca\/International\/wp-json\/"}],"wp:attachment":[{"href":"https:\/\/linitiative.ca\/International\/wp-json\/wp\/v2\/media?parent=61718"}],"wp:term":[{"taxonomy":"category","embeddable":true,"href":"https:\/\/linitiative.ca\/International\/wp-json\/wp\/v2\/categories?post=61718"},{"taxonomy":"post_tag","embeddable":true,"href":"https:\/\/linitiative.ca\/International\/wp-json\/wp\/v2\/tags?post=61718"}],"curies":[{"name":"wp","href":"https:\/\/api.w.org\/{rel}","templated":true}]}}