{"id":61727,"date":"2019-09-20T09:00:44","date_gmt":"2019-09-20T13:00:44","guid":{"rendered":"https:\/\/linitiative.ca\/International\/industrie-audiovisuelle-seminaire-sur-l-egalite-des-genres-dans-la-region-maghreb-machreq-a-sale\/"},"modified":"2019-09-20T09:00:44","modified_gmt":"2019-09-20T13:00:44","slug":"industrie-audiovisuelle-seminaire-sur-l-egalite-des-genres-dans-la-region-maghreb-machreq-a-sale","status":"publish","type":"post","link":"https:\/\/linitiative.ca\/International\/industrie-audiovisuelle-seminaire-sur-l-egalite-des-genres-dans-la-region-maghreb-machreq-a-sale\/","title":{"rendered":"Industrie audiovisuelle : S\u00e9minaire sur l\u2019 \u00e9galit\u00e9 des genres dans la r\u00e9gion Maghreb-Machreq \u00e0 Sal\u00e9"},"content":{"rendered":"<header readability=\"1.39344262295\">\n<div class=\"entry-post-meta\" readability=\"6.77966101695\">\n<div class=\"author-link\">Publi\u00e9 par <a itemprop=\"author\" itemscope=\"\" itemtype=\"https:\/\/schema.org\/Person\" href=\"http:\/\/aujourdhui.ma\/profile\/kaid\" rel=\"author\"><span itemprop=\"name\">ALM<\/span><\/a><\/div>\n<p>Date\u00a0:<time content=\"2019-09-20T14:00:44+00:00\" class=\"entry-date updated\" datetime=\"2019-09-20T14:00:44+00:00\">septembre 20, 2019<\/time><\/p>\n<div class=\"entry-cat\">dans:<a href=\"http:\/\/aujourdhui.ma\/category\/culture\/cinema\" rel=\"category tag\">Cinema<\/a><\/div>\n<p>0Vues<\/p>\n<\/div>\n<\/header>\n<div class=\"entry-content clearfix\" readability=\"42\"><img decoding=\"async\" class=\"post_layout_5_img\" src=\"http:\/\/aujourdhui.ma\/wp-content\/uploads\/2019\/09\/cinema-realisateur.jpg?x29840\" alt=\"Industrie audiovisuelle : S\u00e9minaire sur l\u2019 \u00e9galit\u00e9 des genres dans la r\u00e9gion Maghreb-Machreq \u00e0 Sal\u00e9\"\/><\/p>\n<p class=\"p1\"><span class=\"s1\"><span class=\"c4\"><strong>Le Bureau de l\u2019Unesco pour le Maghreb organise un s\u00e9minaire r\u00e9gional sous le th\u00e8me \u00abPour une \u00e9galit\u00e9 des genres au sein de l\u2019industrie audiovisuelle et du film dans la r\u00e9gion Maghreb-Machreq\u00bb, et ce le 21 septembre 2019 \u00e0 Sal\u00e9.<\/strong><\/span><\/span><span id=\"more-318314\"\/><\/p>\n<p class=\"p1\"><span class=\"s1\">Tenu en marge de la 13\u00e8me \u00e9dition du Festival international du film de femmes de Sal\u00e9, ce s\u00e9minaire vise \u00e0 faire l\u2019\u00e9tat des lieux de l\u2019\u00e9galit\u00e9 des genres dans l\u2019industrie du film aussi bien au Maroc que dans la r\u00e9gion Mena. Il ambitionne \u00e9galement d\u2019identifier les causes de l\u2019in\u00e9galit\u00e9 persistante dans le secteur, que ce soit au niveau du d\u00e9veloppement de l\u2019industrie qu\u2019au niveau des images st\u00e9r\u00e9otyp\u00e9es.<\/span><\/p>\n<\/div>\n<p>Auteur: ALM<br \/>\n<a href=\"http:\/\/aujourdhui.ma\/culture\/cinema\/industrie-audiovisuelle-seminaire-sur-l-egalite-des-genres-dans-la-region-maghreb-machreq-a-sale\">Cliquez ici pour lire l&rsquo;article depuis sa source.<\/a><\/p>\n","protected":false},"excerpt":{"rendered":"<p>Publi\u00e9 par ALM Date\u00a0:septembre 20, 2019 dans:Cinema 0Vues Le Bureau de l\u2019Unesco pour le Maghreb organise un s\u00e9minaire r\u00e9gional sous le th\u00e8me \u00abPour une \u00e9galit\u00e9 des genres au sein de l\u2019industrie audiovisuelle et du film dans la r\u00e9gion Maghreb-Machreq\u00bb, et ce le 21 septembre 2019 \u00e0 Sal\u00e9. Tenu en marge de la 13\u00e8me \u00e9dition du [&hellip;]<\/p>\n","protected":false},"author":1759,"featured_media":0,"comment_status":"closed","ping_status":"closed","sticky":false,"template":"","format":"standard","meta":{"fifu_image_url":"","fifu_image_alt":"","footnotes":""},"categories":[73,54],"tags":[],"class_list":["post-61727","post","type-post","status-publish","format-standard","hentry","category-actualite","category-maroc"],"_links":{"self":[{"href":"https:\/\/linitiative.ca\/International\/wp-json\/wp\/v2\/posts\/61727","targetHints":{"allow":["GET"]}}],"collection":[{"href":"https:\/\/linitiative.ca\/International\/wp-json\/wp\/v2\/posts"}],"about":[{"href":"https:\/\/linitiative.ca\/International\/wp-json\/wp\/v2\/types\/post"}],"author":[{"embeddable":true,"href":"https:\/\/linitiative.ca\/International\/wp-json\/wp\/v2\/users\/1759"}],"replies":[{"embeddable":true,"href":"https:\/\/linitiative.ca\/International\/wp-json\/wp\/v2\/comments?post=61727"}],"version-history":[{"count":0,"href":"https:\/\/linitiative.ca\/International\/wp-json\/wp\/v2\/posts\/61727\/revisions"}],"wp:attachment":[{"href":"https:\/\/linitiative.ca\/International\/wp-json\/wp\/v2\/media?parent=61727"}],"wp:term":[{"taxonomy":"category","embeddable":true,"href":"https:\/\/linitiative.ca\/International\/wp-json\/wp\/v2\/categories?post=61727"},{"taxonomy":"post_tag","embeddable":true,"href":"https:\/\/linitiative.ca\/International\/wp-json\/wp\/v2\/tags?post=61727"}],"curies":[{"name":"wp","href":"https:\/\/api.w.org\/{rel}","templated":true}]}}