{"id":61728,"date":"2019-09-20T09:15:52","date_gmt":"2019-09-20T13:15:52","guid":{"rendered":"https:\/\/linitiative.ca\/International\/cfc-et-barcelona-centre-financer-europeu-signent-un-memorandum-dentente\/"},"modified":"2019-09-20T09:15:52","modified_gmt":"2019-09-20T13:15:52","slug":"cfc-et-barcelona-centre-financer-europeu-signent-un-memorandum-dentente","status":"publish","type":"post","link":"https:\/\/linitiative.ca\/International\/cfc-et-barcelona-centre-financer-europeu-signent-un-memorandum-dentente\/","title":{"rendered":"CFC et Barcelona Centre Financer Europeu signent un m\u00e9morandum d\u2019entente"},"content":{"rendered":"<header readability=\"1.32911392405\">\n<\/header>\n<div class=\"entry-content clearfix\" readability=\"66.5\"><img decoding=\"async\" class=\"post_layout_5_img\" src=\"http:\/\/aujourdhui.ma\/wp-content\/uploads\/2019\/09\/CFC-et-Barcelona-Centre-Financer-Europeu-signent-un-me%CC%81morandum-d%E2%80%99entente-.jpg?x29840\" alt=\"CFC et Barcelona Centre Financer Europeu signent un m\u00e9morandum d\u2019entente\"\/><\/p>\n<p class=\"p1\"><span class=\"c5\"><strong><span class=\"s1 c4\"><em>Opportunit\u00e9s d\u2019investissement entre le Maroc, l\u2019Afrique et l\u2019Espagne<\/em><\/span><\/strong><\/span><span id=\"more-318360\"\/><\/p>\n<div class=\"base-box mom_box_sc_custom mom_box_sc clear c6\" readability=\"8\">\n<p class=\"p1\"><span class=\"s1\"><strong>Cet accord permettrait d\u2019initier une plate-forme destin\u00e9e \u00e0 encourager et promouvoir la finance verte et les infrastructures durables.<\/strong><\/span><\/p>\n<\/div>\n<p class=\"p1\"><span class=\"s1\">CFC compte un nouveau partenariat international \u00e0 son actif. En effet, la place financi\u00e8re casablancaise vient d\u2019annoncer la signature dans la capitale de la Catalogne d\u2019un m\u00e9morandum d\u2019entente avec Barcelona Centre Financer Europeu (BCFE) portant \u00e0 treize le nombre des partenariats la liant \u00e0 d\u2019autres centres financiers (en Europe, en Asie et en Am\u00e9rique du Nord).<span class=\"Apple-converted-space\">\u00a0<\/span> Pour Sa\u00efd Ibrahimi, CEO de CFC, <em>\u00abce partenariat, qui vient renforcer le r\u00e9seau de partenaires de Casablanca Finance City en Europe, va nous permettre d\u2019explorer de nouvelles possibilit\u00e9s de coop\u00e9ration entre nos deux pays, et plus largement en Afrique dont l\u2019attractivit\u00e9 pour les investisseurs est de plus en plus forte\u00bb<\/em>.<\/span><\/p>\n<p class=\"p1\"><span class=\"s1\">De son c\u00f4t\u00e9, Luis Herrero, pr\u00e9sident de BCFE, a expliqu\u00e9 : <em>\u00abNotre objectif est de d\u00e9velopper incessamment une relation de partenariat forte et durable qui fournira aux entreprises et aux op\u00e9rateurs \u00e9conomiques des deux rives de la M\u00e9diterran\u00e9e une base solide pour le renforcement des relations commerciales entre l\u2019Espagne, le Maroc et les pays africains\u00bb<\/em>, soulignant par ailleurs la n\u00e9cessit\u00e9 de promouvoir davantage la finance verte, v\u00e9ritable levier de d\u00e9veloppement sur le continent africain. Pour les deux parties, cet accord \u00e9tablit les bases d\u2019une coop\u00e9ration durable en vue de promouvoir les opportunit\u00e9s d\u2019investissement entre l\u2019Espagne, le Maroc et l\u2019Afrique.<\/span><\/p>\n<p class=\"p1\"><span class=\"s1\">Il permettrait aussi d\u2019initier une plate-forme destin\u00e9e \u00e0 encourager et promouvoir la finance verte et les infrastructures durables. Ce nouvel accord favorisera \u00e0 cet effet le partage des connaissances et expertises entre les deux partenaires. L\u2019objectif \u00e9tant aussi de d\u00e9velopper une coop\u00e9ration efficace \u00e0 travers l\u2019organisation de programmes professionnels de formation, d\u2019activit\u00e9s de recherche, de publications et d\u2019\u00e9changes de d\u00e9l\u00e9gations sur les deux march\u00e9s respectifs.<\/span><\/p>\n<\/div>\n<p>Auteur: ALM<br \/>\n<a href=\"http:\/\/aujourdhui.ma\/economie\/cfc-et-barcelona-centre-financer-europeu-signent-un-memorandum-dentente\">Cliquez ici pour lire l&rsquo;article depuis sa source.<\/a><\/p>\n","protected":false},"excerpt":{"rendered":"<p>Opportunit\u00e9s d\u2019investissement entre le Maroc, l\u2019Afrique et l\u2019Espagne Cet accord permettrait d\u2019initier une plate-forme destin\u00e9e \u00e0 encourager et promouvoir la finance verte et les infrastructures durables. CFC compte un nouveau partenariat international \u00e0 son actif. En effet, la place financi\u00e8re casablancaise vient d\u2019annoncer la signature dans la capitale de la Catalogne d\u2019un m\u00e9morandum d\u2019entente avec [&hellip;]<\/p>\n","protected":false},"author":1759,"featured_media":0,"comment_status":"closed","ping_status":"closed","sticky":false,"template":"","format":"standard","meta":{"fifu_image_url":"","fifu_image_alt":"","footnotes":""},"categories":[73,54],"tags":[],"class_list":["post-61728","post","type-post","status-publish","format-standard","hentry","category-actualite","category-maroc"],"_links":{"self":[{"href":"https:\/\/linitiative.ca\/International\/wp-json\/wp\/v2\/posts\/61728","targetHints":{"allow":["GET"]}}],"collection":[{"href":"https:\/\/linitiative.ca\/International\/wp-json\/wp\/v2\/posts"}],"about":[{"href":"https:\/\/linitiative.ca\/International\/wp-json\/wp\/v2\/types\/post"}],"author":[{"embeddable":true,"href":"https:\/\/linitiative.ca\/International\/wp-json\/wp\/v2\/users\/1759"}],"replies":[{"embeddable":true,"href":"https:\/\/linitiative.ca\/International\/wp-json\/wp\/v2\/comments?post=61728"}],"version-history":[{"count":0,"href":"https:\/\/linitiative.ca\/International\/wp-json\/wp\/v2\/posts\/61728\/revisions"}],"wp:attachment":[{"href":"https:\/\/linitiative.ca\/International\/wp-json\/wp\/v2\/media?parent=61728"}],"wp:term":[{"taxonomy":"category","embeddable":true,"href":"https:\/\/linitiative.ca\/International\/wp-json\/wp\/v2\/categories?post=61728"},{"taxonomy":"post_tag","embeddable":true,"href":"https:\/\/linitiative.ca\/International\/wp-json\/wp\/v2\/tags?post=61728"}],"curies":[{"name":"wp","href":"https:\/\/api.w.org\/{rel}","templated":true}]}}