{"id":61733,"date":"2019-09-20T06:07:46","date_gmt":"2019-09-20T10:07:46","guid":{"rendered":"https:\/\/linitiative.ca\/International\/lespagne-sachemine-vers-la-tenue-delections-legislatives-anticipees\/"},"modified":"2019-09-20T06:07:46","modified_gmt":"2019-09-20T10:07:46","slug":"lespagne-sachemine-vers-la-tenue-delections-legislatives-anticipees","status":"publish","type":"post","link":"https:\/\/linitiative.ca\/International\/lespagne-sachemine-vers-la-tenue-delections-legislatives-anticipees\/","title":{"rendered":"L\u2019Espagne s\u2019achemine vers la tenue d\u2019\u00e9lections l\u00e9gislatives anticip\u00e9es\u2026"},"content":{"rendered":"<p class=\"c4\"><span class=\"c3\"><em><span class=\"c2\"><strong>A<\/strong><\/span>pr\u00e8s plusieurs semaines d\u2019intenses n\u00e9gociations et pr\u00e8s de cinq mois apr\u00e8s les \u00e9lections du 28 Avril dernier, un communiqu\u00e9 de la Maison Royale a annonc\u00e9, ce mardi, que le roi Felipe VI d\u2019Espagne, constatant l\u2019incapacit\u00e9 des diff\u00e9rentes formations politiques \u00e0 se mettre d\u2019accord pour former un nouveau gouvernement \u00e9tant donn\u00e9 qu\u2019aucun des candidats ne dispose des \u00abappuis n\u00e9cessaires pour que la chambre des d\u00e9put\u00e9s lui octroie sa confiance\u00bb, a consid\u00e9r\u00e9 que la seule solution reste l\u2019organisation d\u2019\u00e9lections l\u00e9gislatives anticip\u00e9es.<\/em><\/span><\/p>\n<p class=\"c4\">Pour justifier l\u2019\u00e9chec des n\u00e9gociations, en d\u00e9pit du fait que ce lundi le parti lib\u00e9ral Ciudadanos avait surpris tout le monde en lui accordant son soutien, le socialiste Pedro Sanchez, pr\u00e9sident du gouvernement par int\u00e9rim qui avait remport\u00e9 les pr\u00e9c\u00e9dentes \u00e9lections sans, toutefois, obtenir de majorit\u00e9 absolue \u00a0les 28,5% des voix obtenues ne lui ayant attribu\u00e9 que 123 si\u00e8ges sur 350 \u00a0a d\u00e9clar\u00e9, dans la soir\u00e9e: \u00abJ\u2019ai voulu un gouvernement\u00a0, pas n\u2019importe quel gouvernement, \u00a0qui soit mod\u00e9r\u00e9, coh\u00e9rent (et qui) ne naisse pas divis\u00e9 et ne d\u00e9pende pas des forces ind\u00e9pendantistes (\u2026). J\u2019ai essay\u00e9 par tous les moyens mais ils m\u2019ont rendu la t\u00e2che impossible\u00bb.<\/p>\n<p class=\"c4\">Ses adversaires l\u2019avaient, pourtant d\u00e8s le d\u00e9part, accus\u00e9 de chercher la tenue de nouvelles \u00e9lections.<\/p>\n<p class=\"c4\">Etant donc les quatri\u00e8mes de ces quatre derni\u00e8res ann\u00e9es, les prochaines \u00e9lections l\u00e9gislatives qui auront lieu le 10 Novembre prochain apr\u00e8s la dissolution du Parlement qui interviendra, au plus tard le 23 Septembre, sont la preuve de la grave crise institutionnelle qui paralyse l\u2019Espagne depuis l\u2019irruption sur la sc\u00e8ne politique du pays de ces nouvelles formations que sont Podemos (gauche radicale), Ciudadanos (lib\u00e9ral) et Vox (extr\u00eame-droite); le tout sur fond de crise \u00e9conomique, scandales de corruption et mont\u00e9e de l\u2019ind\u00e9pendantisme en Catalogne.<\/p>\n<p class=\"c4\">Mais, le message ainsi adress\u00e9 aux \u00e9lecteurs leur signifiant clairement que leur vote a \u00e9t\u00e9 inutile et qu\u2019ils doivent reprendre le chemin des urnes, il y a fort \u00e0 parier que le taux d\u2019abstention va grimper bien haut; ce qui ne \u00abfacilitera\u00bb pas les choses et qui mettra les formations politique espagnoles dans un embarras certain d\u00e8s lors qu\u2019aucune d\u2019elle n\u2019acceptera, de gaiet\u00e9 de c\u0153ur, d\u2019\u00eatre sanctionn\u00e9e pour sa part de responsabilit\u00e9, plus ou moins grande, dans le fiasco politique que traverse actuellement le pays.<\/p>\n<p class=\"c4\">Ainsi, pour Pablo Iglesias, le leader de Podemos, \u00abPedro Sanchez commet une erreur historique en for\u00e7ant d\u2019autres \u00e9lections par son obsession \u00e0 accaparer un pouvoir absolu que les Espagnols ne lui ont pas donn\u00e9. Il faut un pr\u00e9sident qui comprenne le multipartisme\u00bb.<\/p>\n<p class=\"c4\">Et si Pablo Casado, le pr\u00e9sident du Parti Populaire accusant Pedro Sanchez d\u2019avoir mis\u00e9, d\u00e8s le d\u00e9but, sur de nouvelles \u00e9lections consid\u00e8re qu\u2019il \u00abn\u2019est pas acceptable qu\u2019un candidat demande tout en \u00e9change de rien\u00bb, Albert Rivera, le chef de file de Ciudadanos qui, en d\u00e9sespoir de cause, avait voulu \u00abse d\u00e9douaner\u00bb en proposant un accord de derni\u00e8re minute rest\u00e9 sans suite, a d\u00e9clar\u00e9 que \u00ables espagnols jugeront qui a bloqu\u00e9 le pays et qui a offert des solutions\u00bb.<\/p>\n<p class=\"c4\">Ce nouveau blocage politique \u00e9tant per\u00e7u, par les espagnols, comme le signe \u00e9vident de \u00abl\u2019immaturit\u00e9\u00bb d\u2019une classe politique fragment\u00e9e \u00abapr\u00e8s des ann\u00e9es d\u2019un bipartisme confortable\u00bb, rien n\u2019indique que les choses vont m\u00fbrir et que les hommes vont s\u2019unir d\u2019ici novembre prochain mais attendons pour voir\u2026<\/p>\n<p class=\"c5\"><strong>Nabil El Bousaadi<\/strong><\/p>\n<p>Auteur: M&rsquo;hammed rahal<br \/>\n<a href=\"http:\/\/albayane.press.ma\/lespagne-sachemine-vers-la-tenue-delections-legislatives-anticipees.html\">Cliquez ici pour lire l&rsquo;article depuis sa source.<\/a><\/p>\n","protected":false},"excerpt":{"rendered":"<p>Apr\u00e8s plusieurs semaines d\u2019intenses n\u00e9gociations et pr\u00e8s de cinq mois apr\u00e8s les \u00e9lections du 28 Avril dernier, un communiqu\u00e9 de la Maison Royale a annonc\u00e9, ce mardi, que le roi Felipe VI d\u2019Espagne, constatant l\u2019incapacit\u00e9 des diff\u00e9rentes formations politiques \u00e0 se mettre d\u2019accord pour former un nouveau gouvernement \u00e9tant donn\u00e9 qu\u2019aucun des candidats ne dispose [&hellip;]<\/p>\n","protected":false},"author":1760,"featured_media":0,"comment_status":"closed","ping_status":"closed","sticky":false,"template":"","format":"standard","meta":{"fifu_image_url":"","fifu_image_alt":"","footnotes":""},"categories":[73,54],"tags":[],"class_list":["post-61733","post","type-post","status-publish","format-standard","hentry","category-actualite","category-maroc"],"_links":{"self":[{"href":"https:\/\/linitiative.ca\/International\/wp-json\/wp\/v2\/posts\/61733","targetHints":{"allow":["GET"]}}],"collection":[{"href":"https:\/\/linitiative.ca\/International\/wp-json\/wp\/v2\/posts"}],"about":[{"href":"https:\/\/linitiative.ca\/International\/wp-json\/wp\/v2\/types\/post"}],"author":[{"embeddable":true,"href":"https:\/\/linitiative.ca\/International\/wp-json\/wp\/v2\/users\/1760"}],"replies":[{"embeddable":true,"href":"https:\/\/linitiative.ca\/International\/wp-json\/wp\/v2\/comments?post=61733"}],"version-history":[{"count":0,"href":"https:\/\/linitiative.ca\/International\/wp-json\/wp\/v2\/posts\/61733\/revisions"}],"wp:attachment":[{"href":"https:\/\/linitiative.ca\/International\/wp-json\/wp\/v2\/media?parent=61733"}],"wp:term":[{"taxonomy":"category","embeddable":true,"href":"https:\/\/linitiative.ca\/International\/wp-json\/wp\/v2\/categories?post=61733"},{"taxonomy":"post_tag","embeddable":true,"href":"https:\/\/linitiative.ca\/International\/wp-json\/wp\/v2\/tags?post=61733"}],"curies":[{"name":"wp","href":"https:\/\/api.w.org\/{rel}","templated":true}]}}