{"id":61734,"date":"2019-09-20T06:13:49","date_gmt":"2019-09-20T10:13:49","guid":{"rendered":"https:\/\/linitiative.ca\/International\/efficacite-energetique-dans-le-batiment\/"},"modified":"2019-09-20T06:13:49","modified_gmt":"2019-09-20T10:13:49","slug":"efficacite-energetique-dans-le-batiment","status":"publish","type":"post","link":"https:\/\/linitiative.ca\/International\/efficacite-energetique-dans-le-batiment\/","title":{"rendered":"Efficacit\u00e9 \u00e9nerg\u00e9tique dans le b\u00e2timent"},"content":{"rendered":"<p class=\"c3\"><strong><span class=\"c2\">Un projet marocain\u00a0 d\u00e9croche un financement du fonds NAMA Facility<\/span><\/strong><\/p>\n<p class=\"c5\"><strong><span class=\"c4\"><span class=\"c2\">L<\/span>e projet marocain \u00abd\u2019int\u00e9gration de l\u2019efficacit\u00e9 \u00e9nerg\u00e9tique dans les b\u00e2timents\u00bb a \u00e9t\u00e9 s\u00e9lectionn\u00e9 pour b\u00e9n\u00e9ficier d\u2019un financement \u00e0 hauteur de 20 millions d\u2019euros allou\u00e9 par le fonds vert NAMA Facility, dans le cadre d\u2019une comp\u00e9tition internationale.<\/span><\/strong><\/p>\n<p class=\"c5\">La s\u00e9lection de ce projet vient confirmer le r\u00f4le \u00abd\u2019avant-garde\u00bb du Royaume en mati\u00e8re de lutte contre les \u00e9missions de gaz \u00e0 effet de serre et les changements climatiques, a indiqu\u00e9, dans une d\u00e9claration \u00e0 cette occasion, le ministre de l\u2019Am\u00e9nagement du territoire national, de l\u2019Urbanisme, de l\u2019Habitat et de la Politique de la ville, Abdelahad Fassi Fehri.<\/p>\n<p class=\"c5\">\u00abLe Maroc est fortement engag\u00e9, conform\u00e9ment aux orientations de SM le Roi Mohammed VI, dans un mouvement plan\u00e9taire pour lutter contre le r\u00e9chauffement climatique et pour la limitation des \u00e9missions de gaz \u00e0 effet de serre\u00bb, a rappel\u00e9 le ministre, notant que \u00abcet engagement se manifeste par diverses fa\u00e7ons et a pris une ampleur nouvelle depuis que le Maroc a abrit\u00e9 la COP22.<\/p>\n<p class=\"c5\">Le projet marocain a \u00e9t\u00e9 choisi \u00e0 la suite d\u2019un processus de s\u00e9lection et d\u2019une \u00e9valuation de projets r\u00e9alis\u00e9s par des experts mandat\u00e9s par ce fonds vert et par les organes ou les pays donateurs \u00e0 la suite d\u2019une comp\u00e9tition internationale, a indiqu\u00e9 M. Fassi Fehri, pr\u00e9cisant que ce projet a \u00e9t\u00e9 r\u00e9alis\u00e9 en partenariat avec le minist\u00e8re de l\u2019Energie et des Mines et le Groupe Al Omrane.<\/p>\n<p class=\"c5\">\u00abLe choix du Maroc et de ce projet a une importance tr\u00e8s particuli\u00e8re, parce que le b\u00e2timent est un secteur fortement consommateur d\u2019\u00e9nergie (\u2026) notamment par les appareils \u00e9lectrom\u00e9nagers qui ont tendance aujourd\u2019hui \u00e0 se g\u00e9n\u00e9raliser dans les foyers marocains\u00bb, a expliqu\u00e9 le ministre. \u00abIl s\u2019agit de mettre en place des incitations financi\u00e8res aussi bien pour la construction de nouveaux logements que pour l\u2019utilisation d\u2019\u00e9quipements faiblement consommateurs en \u00e9nergie, outre des incitations financi\u00e8res \u00e0 destination des promoteurs et des consommateurs\u00bb, a-t-il ajout\u00e9.<\/p>\n<p class=\"c5\">Le ministre a soulign\u00e9 l\u2019importance d\u2019un tel projet, notant qu\u2019il ne faut pas \u00abrester uniquement dans des d\u00e9clarations de principes et de grands accords au niveau international\u00bb.<\/p>\n<p class=\"c5\">\u00abLa vraie question est de mettre en \u0153uvre des projets concrets et de mobiliser les moyens de financements n\u00e9cessaires\u00bb, a-t-il dit.<\/p>\n<p class=\"c5\">Le Maroc a \u00abdes engagements internationaux tr\u00e8s pr\u00e9cis\u00bb en mati\u00e8re de lutte contre le r\u00e9chauffement climatique, a soulign\u00e9 le ministre en faisant observer que ce projet rev\u00eat un int\u00e9r\u00eat \u00e9cologique et qu\u2019il est \u00e9galement \u00e0 m\u00eame de r\u00e9duire la facture \u00e9lectrique et de favoriser une fili\u00e8re prometteuse en mati\u00e8re d\u2019\u00e9conomie verte.<\/p>\n<p>Auteur: M&rsquo;hammed rahal<br \/>\n<a href=\"http:\/\/albayane.press.ma\/efficacite-energetique-dans-le-batiment.html\">Cliquez ici pour lire l&rsquo;article depuis sa source.<\/a><\/p>\n","protected":false},"excerpt":{"rendered":"<p>Un projet marocain\u00a0 d\u00e9croche un financement du fonds NAMA Facility Le projet marocain \u00abd\u2019int\u00e9gration de l\u2019efficacit\u00e9 \u00e9nerg\u00e9tique dans les b\u00e2timents\u00bb a \u00e9t\u00e9 s\u00e9lectionn\u00e9 pour b\u00e9n\u00e9ficier d\u2019un financement \u00e0 hauteur de 20 millions d\u2019euros allou\u00e9 par le fonds vert NAMA Facility, dans le cadre d\u2019une comp\u00e9tition internationale. La s\u00e9lection de ce projet vient confirmer le r\u00f4le [&hellip;]<\/p>\n","protected":false},"author":1760,"featured_media":0,"comment_status":"closed","ping_status":"closed","sticky":false,"template":"","format":"standard","meta":{"fifu_image_url":"","fifu_image_alt":"","footnotes":""},"categories":[73,54],"tags":[],"class_list":["post-61734","post","type-post","status-publish","format-standard","hentry","category-actualite","category-maroc"],"_links":{"self":[{"href":"https:\/\/linitiative.ca\/International\/wp-json\/wp\/v2\/posts\/61734","targetHints":{"allow":["GET"]}}],"collection":[{"href":"https:\/\/linitiative.ca\/International\/wp-json\/wp\/v2\/posts"}],"about":[{"href":"https:\/\/linitiative.ca\/International\/wp-json\/wp\/v2\/types\/post"}],"author":[{"embeddable":true,"href":"https:\/\/linitiative.ca\/International\/wp-json\/wp\/v2\/users\/1760"}],"replies":[{"embeddable":true,"href":"https:\/\/linitiative.ca\/International\/wp-json\/wp\/v2\/comments?post=61734"}],"version-history":[{"count":0,"href":"https:\/\/linitiative.ca\/International\/wp-json\/wp\/v2\/posts\/61734\/revisions"}],"wp:attachment":[{"href":"https:\/\/linitiative.ca\/International\/wp-json\/wp\/v2\/media?parent=61734"}],"wp:term":[{"taxonomy":"category","embeddable":true,"href":"https:\/\/linitiative.ca\/International\/wp-json\/wp\/v2\/categories?post=61734"},{"taxonomy":"post_tag","embeddable":true,"href":"https:\/\/linitiative.ca\/International\/wp-json\/wp\/v2\/tags?post=61734"}],"curies":[{"name":"wp","href":"https:\/\/api.w.org\/{rel}","templated":true}]}}