{"id":61735,"date":"2019-09-20T06:30:55","date_gmt":"2019-09-20T10:30:55","guid":{"rendered":"https:\/\/linitiative.ca\/International\/premieres-assises-nationales-du-developpement-humain\/"},"modified":"2019-09-20T06:30:55","modified_gmt":"2019-09-20T10:30:55","slug":"premieres-assises-nationales-du-developpement-humain","status":"publish","type":"post","link":"https:\/\/linitiative.ca\/International\/premieres-assises-nationales-du-developpement-humain\/","title":{"rendered":"Premi\u00e8res Assises nationales du D\u00e9veloppement humain"},"content":{"rendered":"<p class=\"c3\"><span class=\"c2\"><strong>INDH: \u00abNous avan\u00e7ons dans la bonne direction\u00bb<\/strong><\/span><\/p>\n<p class=\"c5\"><span class=\"c4\"><strong><span class=\"c2\">Sa Majest\u00e9 le Roi Mohammed VI<\/span> a adress\u00e9 un message aux participants aux premi\u00e8res Assises nationales du D\u00e9veloppement humain ouvertes jeudi \u00e0 Skhirat, sous le th\u00e8me \u00abD\u00e9velopper la petite enfance, un engagement envers l\u2019avenir\u00bb.<\/strong><\/span><\/p>\n<p class=\"c5\"><strong>Voici le texte int\u00e9gral du Message royal dont la lecture a \u00e9t\u00e9 donn\u00e9e par le ministre de l\u2019Int\u00e9rieur, M. Abdelouafi Laftit:<\/strong><\/p>\n<p class=\"c5\"><strong>\u00abLouanges \u00e0 Dieu, Que la pri\u00e8re et la paix soient sur le Proph\u00e8te, Sa famille et Ses compagnons,<\/strong><\/p>\n<p class=\"c5\"><strong>Mesdames, Messieurs,<\/strong><\/p>\n<p class=\"c5\">Il Nous plait d\u2019adresser ce message aux participants aux premi\u00e8res Assises nationales du D\u00e9veloppement humain. Nous avons tenu \u00e0 conf\u00e9rer Notre Haut Patronage \u00e0 cette manifestation, eu \u00e9gard \u00e0 l\u2019int\u00e9r\u00eat particulier que Nous accordons \u00e0 ce chantier social singulier, depuis que Nous avons proc\u00e9d\u00e9 \u00e0 son lancement en 2015.<\/p>\n<p class=\"c5\">Cette sollicitude proc\u00e8de de Notre intime conviction que ce chantier poursuit des objectifs nobles, en s\u2019attachant \u00e0 placer le citoyen marocain au c\u0153ur du processus de d\u00e9veloppement, et en faisant de lui la finalit\u00e9 essentielle des politiques publiques ; la vis\u00e9e ultime \u00e9tant de faire pr\u00e9valoir la dignit\u00e9 humaine.<\/p>\n<p class=\"c5\">Les droits politiques et civils ne prendront tout leur sens pratique dans la vie des citoyens, que s\u2019ils s\u2019articulent en compl\u00e9mentarit\u00e9 avec les droits \u00e9conomiques, sociaux, culturels et environnementaux.<\/p>\n<p class=\"c5\">De ce fait, apr\u00e8s une \u00e9valuation rigoureuse et globale des phases I et II de l\u2019Initiative nationale pour le D\u00e9veloppement humain (INDH), Nous avons donn\u00e9 le coup d\u2019envoi de la phase III, qui aura pour objectif de consolider les acquis et de r\u00e9orienter les programmes.<\/p>\n<p class=\"c5\">A cet effet, afin de promouvoir le capital humain en g\u00e9n\u00e9ral et les g\u00e9n\u00e9rations montantes, en particulier, Nous avons mis en place une nouvelle architecture susceptible de lever, de mani\u00e8re proactive et directe, les principaux obstacles entravant le plein \u00e9panouissement de l\u2019individu, tout au long de sa vie. Ce dispositif int\u00e8gre \u00e9galement l\u2019appui aux cat\u00e9gories en situation difficile, le lancement d\u2019une nouvelle g\u00e9n\u00e9ration d\u2019initiatives pourvoyeuses d\u2019emplois, le d\u00e9veloppement des activit\u00e9s g\u00e9n\u00e9ratrices de revenus.<\/p>\n<p class=\"c5\">Nous saluons l\u2019initiative louable d\u2019organiser cet \u00e9v\u00e9nement et le choix judicieux du th\u00e8me retenu : \u00abD\u00e9velopper la petite enfance, un engagement envers l\u2019avenir\u00bb, et Nous formons le souhait que ces assises permettent d\u2019en approfondir l\u2019examen et l\u2019analyse.<\/p>\n<p class=\"c5\">Nous avons constamment attach\u00e9 une importance singuli\u00e8re \u00e0 ce th\u00e8me plus que jamais d\u2019actualit\u00e9, en accordant une attention particuli\u00e8re \u00e0 la promotion des conditions de l\u2019enfance ; celle-ci constitue en effet le pilier de la soci\u00e9t\u00e9, la force motrice qui lui permet de se projeter dans un avenir porteur d\u2019un essor \u00e9conomique et social, global et inclusif.<\/p>\n<p class=\"c5\">Cette manifestation fait partie des efforts de promotion du capital humain, qui s\u2019inscrivent dans le cadre des grandes r\u00e9formes que conna\u00eet notre pays en g\u00e9n\u00e9ral, et le syst\u00e8me de l\u2019\u00e9ducation, de la formation et de la recherche scientifique, en particulier.<\/p>\n<p class=\"c5\"><strong>Mesdames, Messieurs,<\/strong><\/p>\n<p class=\"c5\">Vous n\u2019ignorez pas qu\u2019investir dans les aspects immat\u00e9riels du d\u00e9veloppement humain, dont la petite enfance est un axe majeur, constitue la condition n\u00e9cessaire pour l\u2019\u00e9dification du Maroc de demain. Cette action repr\u00e9sente en outre un d\u00e9fi que Nous entendons relever, car elle ouvre des perspectives prometteuses aux g\u00e9n\u00e9rations montantes, en leur offrant de nouvelles opportunit\u00e9s.<\/p>\n<p class=\"c5\">Certes, notre pays a consenti des efforts consid\u00e9rables pour la prise en charge de la petite enfance, en r\u00e9duisant le taux de mortalit\u00e9 chez les femmes enceintes et les enfants, en r\u00e9sorbant le retard de croissance, en am\u00e9liorant l\u2019alimentation et l\u2019acc\u00e8s \u00e0 l\u2019enseignement pr\u00e9scolaire et aux soins de sant\u00e9.<\/p>\n<p class=\"c5\">N\u00e9anmoins, les faits attestent d\u2019un d\u00e9ficit significatif \u00e0 ce niveau, en raison d\u2019une faible coordination de l\u2019\u00e9laboration des politiques publiques et de l\u2019absence de convergence, de coh\u00e9rence des interventions; cet \u00e9tat de fait est par ailleurs accentu\u00e9 par les disparit\u00e9s spatiales et socio-\u00e9conomiques.<\/p>\n<p class=\"c5\">Pour rem\u00e9dier \u00e0 cette situation critique, l\u2019Initiative nationale pour le D\u00e9veloppement humain, constitue un mod\u00e8le \u00e0 suivre, par ses interventions transversales et son r\u00f4le de levier majeur du d\u00e9veloppement social. En effet, elle permet de mutualiser les efforts, de renforcer les m\u00e9canismes de la dynamique participative au niveau territorial, de coordonner les politiques publiques dans le cadre d\u2019une strat\u00e9gie \u00e9chelonn\u00e9e selon un \u00e9ch\u00e9ancier rigoureusement d\u00e9fini, d\u00e9ploy\u00e9e sur plusieurs fronts, coh\u00e9rente dans ses dimensions \u00e9conomique, sociale, \u00e9ducative et culturelle.<\/p>\n<p class=\"c5\">Une bonne mise en \u0153uvre du programme d\u00e9di\u00e9 \u00e0 la petite enfance, \u00e9tape charni\u00e8re dans la vie de chaque individu, permettra de rem\u00e9dier aux facteurs responsables des in\u00e9galit\u00e9s, par un ciblage rigoureux des cat\u00e9gories concern\u00e9es, issues de milieux pauvres et d\u00e9munis.<\/p>\n<p class=\"c5\"><strong>Mesdames, Messieurs,<\/strong><\/p>\n<p class=\"c5\">Nous sommes convaincu de l\u2019importance de la vision nouvelle qui sous-tend l\u2019Initiative nationale pour le D\u00e9veloppement humain. Gr\u00e2ce \u00e0 elle, l\u2019investissement dans le capital humain immat\u00e9riel se hisse au rang de priorit\u00e9 absolue et constitue ainsi le fondement de toute r\u00e9forme, le pilier de la construction de l\u2019avenir. Il convient, par cons\u00e9quent, de rester constamment fid\u00e8le \u00e0 cet esprit lors de l\u2019\u00e9laboration et de la mise en \u0153uvre des politiques publiques sociales.<\/p>\n<p class=\"c5\">C\u2019est, en effet, le moyen idoine d\u2019apporter des solutions appropri\u00e9es aux probl\u00e8mes r\u00e9els de la population, en choisissant les meilleures approches, en d\u00e9finissant les voies les plus judicieuses pour surmonter tout obstacle au d\u00e9veloppement humain global.<\/p>\n<p class=\"c5\">A ce propos, Nous mettons particuli\u00e8rement en exergue la n\u00e9cessit\u00e9 d\u2019am\u00e9liorer le syst\u00e8me de sant\u00e9, en attachant un int\u00e9r\u00eat accru \u00e0 la sant\u00e9 maternelle et infantile, en assurant un acc\u00e8s \u00e9quitable aux prestations sociales ; en proposant une offre coh\u00e9rente dans le domaine de l\u2019enseignement pr\u00e9scolaire, et en veillant \u00e0 sa g\u00e9n\u00e9ralisation, notamment, dans le monde rural, pour lutter contre l\u2019abandon scolaire.<\/p>\n<p class=\"c5\">Il importe \u00e9galement, de mener aupr\u00e8s des personnes cibl\u00e9es, des campagnes de sensibilisation \u00e0 l\u2019importance de ce sujet, en insistant sur ses retomb\u00e9es positives pour l\u2019enfant, la famille, la soci\u00e9t\u00e9.<\/p>\n<p class=\"c5\">Bien \u00e9videmment, ces efforts devront \u00eatre d\u00e9ploy\u00e9s en accord avec les orientations \u00e9nonc\u00e9es dans Notre Message adress\u00e9 aux participants \u00e0 la Journ\u00e9e nationale sur l\u2019enseignement pr\u00e9scolaire.<\/p>\n<p class=\"c5\">Nous attendons de votre rencontre qu\u2019elle examine les questions de gouvernance, de financement, de formation pour que, in fine, soit am\u00e9lior\u00e9e la qualit\u00e9 des prestations sociales, que soient encourag\u00e9es la libre entreprise et la cr\u00e9ativit\u00e9, que soit suscit\u00e9e une prise de conscience accrue chez les cat\u00e9gories cibl\u00e9es.<br \/>Ce sont l\u00e0 des pr\u00e9alables essentiels \u00e0 l\u2019aboutissement de cette nouvelle orientation sociale, o\u00f9 le d\u00e9veloppement des composantes immat\u00e9rielles constitue une condition sine qua non pour gagner le pari de cette phase si importante dans l\u2019\u00e9panouissement d\u2019individus dot\u00e9s d\u2019une capacit\u00e9 \u00e0 embrasser le futur. Pour cela, il doit \u00eatre tenu compte des imp\u00e9ratifs d\u2019\u00e9quilibre, de justice, d\u2019\u00e9quit\u00e9, tout en \u00e9cartant les obstacles induits par la pauvret\u00e9 et l\u2019exclusion sociale.<\/p>\n<p class=\"c5\"><strong>Mesdames, Messieurs,<\/strong><\/p>\n<p class=\"c5\">Beaucoup d\u2019\u00e9l\u00e9ments attestent que nous avan\u00e7ons dans la bonne direction. Nous en voulons pour preuve les r\u00e9alisations accomplies par le Maroc dans plus d\u2019un domaine, au cours des derni\u00e8res ann\u00e9es. Pour autant, des d\u00e9fis restent \u00e0 relever, appelant des efforts accrus de notre part.<\/p>\n<p class=\"c5\">Cet objectif ne pourra \u00eatre atteint sans le d\u00e9ploiement d\u2019une approche efficace de gouvernance et de gestion des politiques nationales \u00e0 vocation sociale. L\u2019accent doit \u00eatre mis notamment sur l\u2019investissement dans le capital humain et social, consid\u00e9r\u00e9 comme un pr\u00e9alable \u00e0 la mise en chantier d\u2019une nouvelle g\u00e9n\u00e9ration d\u2019actions r\u00e9formatrices visant \u00e0 donner de l\u2019espoir, \u00e0 poser les jalons du Maroc de demain.<\/p>\n<p class=\"c5\">Nous saluons encore une fois votre choix judicieux de la th\u00e9matique de ce forum qui porte sur la petite enfance, et formons le souhait que ces assises deviennent un rendez-vous annuel pour approfondir la r\u00e9flexion d\u2019ores et d\u00e9j\u00e0 engag\u00e9e sur ce sujet, favoriser l\u2019\u00e9change d\u2019opinions et enrichir le d\u00e9bat sur les r\u00e9alisations engrang\u00e9es dans ce domaine, mais aussi sur les obstacles qui emp\u00eachent la bonne marche de ce chantier. Il devrait y \u00eatre \u00e9galement question de d\u00e9lib\u00e9rer sur les mesures et les dispositions \u00e0 prendre pour promouvoir les questions du d\u00e9veloppement humain et social dans notre pays.<\/p>\n<p class=\"c5\">Nous sommes persuad\u00e9 que ces assises nationales se solderont par l\u2019adoption d\u2019une s\u00e9rie de recommandations et de propositions susceptibles d\u2019impulser des initiatives novatrices, de donner mati\u00e8re \u00e0 la formulation de solutions pratiques aux nombreux probl\u00e8mes rencontr\u00e9s dans ce domaine. Ainsi se r\u00e9alisera notre souhait de voir nos enfants jouir librement et dignement, de lendemains porteurs de plus de progr\u00e8s et de prosp\u00e9rit\u00e9.<\/p>\n<p class=\"c5\">Que Dieu vous assiste, guide vos pas et couronne de succ\u00e8s vos travaux.<\/p>\n<p class=\"c5\"><span class=\"c4\"><strong>Wassalamou alaikoum warahmatoullahi wabarakatouh\u00bb.<\/strong><\/span><\/p>\n<p>Auteur: M&rsquo;hammed rahal<br \/>\n<a href=\"http:\/\/albayane.press.ma\/premieres-assises-nationales-du-developpement-humain.html\">Cliquez ici pour lire l&rsquo;article depuis sa source.<\/a><\/p>\n","protected":false},"excerpt":{"rendered":"<p>INDH: \u00abNous avan\u00e7ons dans la bonne direction\u00bb Sa Majest\u00e9 le Roi Mohammed VI a adress\u00e9 un message aux participants aux premi\u00e8res Assises nationales du D\u00e9veloppement humain ouvertes jeudi \u00e0 Skhirat, sous le th\u00e8me \u00abD\u00e9velopper la petite enfance, un engagement envers l\u2019avenir\u00bb. Voici le texte int\u00e9gral du Message royal dont la lecture a \u00e9t\u00e9 donn\u00e9e par [&hellip;]<\/p>\n","protected":false},"author":1760,"featured_media":0,"comment_status":"closed","ping_status":"closed","sticky":false,"template":"","format":"standard","meta":{"fifu_image_url":"","fifu_image_alt":"","footnotes":""},"categories":[73,54],"tags":[],"class_list":["post-61735","post","type-post","status-publish","format-standard","hentry","category-actualite","category-maroc"],"_links":{"self":[{"href":"https:\/\/linitiative.ca\/International\/wp-json\/wp\/v2\/posts\/61735","targetHints":{"allow":["GET"]}}],"collection":[{"href":"https:\/\/linitiative.ca\/International\/wp-json\/wp\/v2\/posts"}],"about":[{"href":"https:\/\/linitiative.ca\/International\/wp-json\/wp\/v2\/types\/post"}],"author":[{"embeddable":true,"href":"https:\/\/linitiative.ca\/International\/wp-json\/wp\/v2\/users\/1760"}],"replies":[{"embeddable":true,"href":"https:\/\/linitiative.ca\/International\/wp-json\/wp\/v2\/comments?post=61735"}],"version-history":[{"count":0,"href":"https:\/\/linitiative.ca\/International\/wp-json\/wp\/v2\/posts\/61735\/revisions"}],"wp:attachment":[{"href":"https:\/\/linitiative.ca\/International\/wp-json\/wp\/v2\/media?parent=61735"}],"wp:term":[{"taxonomy":"category","embeddable":true,"href":"https:\/\/linitiative.ca\/International\/wp-json\/wp\/v2\/categories?post=61735"},{"taxonomy":"post_tag","embeddable":true,"href":"https:\/\/linitiative.ca\/International\/wp-json\/wp\/v2\/tags?post=61735"}],"curies":[{"name":"wp","href":"https:\/\/api.w.org\/{rel}","templated":true}]}}