{"id":61738,"date":"2019-09-20T06:54:05","date_gmt":"2019-09-20T10:54:05","guid":{"rendered":"https:\/\/linitiative.ca\/International\/assassinats-belaid-et-brahmi-le-collectif-de-defense-en-sit-in-ouvert\/"},"modified":"2019-09-20T06:54:05","modified_gmt":"2019-09-20T10:54:05","slug":"assassinats-belaid-et-brahmi-le-collectif-de-defense-en-sit-in-ouvert","status":"publish","type":"post","link":"https:\/\/linitiative.ca\/International\/assassinats-belaid-et-brahmi-le-collectif-de-defense-en-sit-in-ouvert\/","title":{"rendered":"Assassinats Bela\u00efd et Brahmi :  Le collectif de d\u00e9fense en sit-in ouvert"},"content":{"rendered":"<p>Les membres du collectif de d\u00e9fense de l\u2019affaire Chokri Bela\u00efd et Mohamed Brahmi ont entam\u00e9, un sit-in ouvert dans les locaux du Tribunal de premi\u00e8re instance de Tunis 1.<\/p>\n<p>Le collectif invite les avocats \u00e0 rallier leur mouvement, demandant au parquet d\u2019examiner l\u2019affaire de l\u2019 \u00bbappareil secret \u00bb ou de la classer.<\/p>\n<p>Dans une d\u00e9claration, les membres du collectif de d\u00e9fense accusent le parquet d\u2019avoir viol\u00e9 le devoir de neutralit\u00e9 dans cette affaire et de mettre en p\u00e9ril le principe d\u2019ind\u00e9pendance de la justice.<\/p>\n<p>Ils ont annonc\u00e9 leur d\u00e9cision de rendre publiques toutes les plaintes, accompagn\u00e9es des preuves, intent\u00e9es contre le procureur de la R\u00e9publique pr\u00e8s le Tribunal administratif de premi\u00e8re instance, B\u00e9chir Akremi ainsi que les documents impliquant Sofi\u00e8ne Sliti, premier substitut du procureur pr\u00e8s le Tribunal de premi\u00e8re instance.<\/p>\n<p>Les membres du collectif de d\u00e9fense appellent la soci\u00e9t\u00e9 civile et l\u2019ensemble des Tunisiens \u00e0 les soutenir afin de r\u00e9v\u00e9ler la v\u00e9rit\u00e9 au sujet de l\u2019appareil secret et des crimes qu\u2019il a commis.<\/p>\n<p>S\u00e9ance de travail sur les pr\u00e9paratifs des prochaines \u00e9lections<\/p>\n<p>Une s\u00e9ance de travail a eu lieu, mercredi, au si\u00e8ge du minist\u00e8re de l\u2019Int\u00e9rieur pour examiner les pr\u00e9paratifs des prochaines \u00e9ch\u00e9ances \u00e9lectorales.<\/p>\n<p>Il s\u2019agit notamment des \u00e9lections l\u00e9gislatives et du second tour de la pr\u00e9sidentielle anticip\u00e9e.<\/p>\n<p>D\u2019apr\u00e8s un communiqu\u00e9 du d\u00e9partement de l\u2019Int\u00e9rieur, la rencontre a r\u00e9uni de hauts cadres s\u00e9curitaires ainsi qu\u2019une d\u00e9l\u00e9gation de l\u2019Instance sup\u00e9rieure ind\u00e9pendante pour les \u00e9lections (ISIE), conduite par son pr\u00e9sident Nabil Baffoun.<\/p>\n<p>Selon le calendrier \u00e9lectoral de l\u2019Isie, les l\u00e9gislatives auront lieu, le 6 octobre prochain, alors que la date du deuxi\u00e8me tour de la pr\u00e9sidentielle n\u2019est pas encore connue.<\/p>\n<p>Trois sc\u00e9narios sont envisag\u00e9s. Le second tour pourrait avoir lieu le 29 septembre, le 06 octobre ou le 13 octobre.<\/p>\n<p>Lors du premier tour de la pr\u00e9sidentielle, au moins 70 mille agents et cadres de la s\u00e9curit\u00e9 nationale ont \u00e9t\u00e9 d\u00e9ploy\u00e9s dans les diff\u00e9rentes r\u00e9gions du pays pour assurer le bon d\u00e9roulement du scrutin.<\/p>\n<p>Ils sont divis\u00e9s en deux groupes. Le premier (48 mille agents) assurent la s\u00e9curit\u00e9 des centres de vote, les centres de collecte, les si\u00e8ges centraux et bureaux r\u00e9gionaux de l\u2019ISIE.<\/p>\n<p>A noter que ces agents ont b\u00e9n\u00e9fici\u00e9 d\u2019une formation sur les relations avec les diff\u00e9rents acteurs intervenant dans le processus \u00e9lectoral.<\/p>\n<p class=\"dpsp-share-text\">Partager c&rsquo;est aimer!<\/p>\n<div class=\"wp-post-author-wrap wp-post-author-shortcode left\">\n<h3 class=\"awpa-title\"\/>\n<div class=\"wp-post-author\">\n<div class=\"awpa-img awpa-author-block square\"><a href=\"http:\/\/lexpertjournal.net\/fr\/author\/expert\/\"><img loading=\"lazy\" decoding=\"async\" alt=\"\" src=\"http:\/\/2.gravatar.com\/avatar\/56d99be2a6f97af88ccb49fada637fcd?s=150&#038;d=mm&#038;r=g\" srcset=\"http:\/\/2.gravatar.com\/avatar\/56d99be2a6f97af88ccb49fada637fcd?s=300&#038;d=mm&#038;r=g 2x\" class=\"avatar avatar-150 photo\" height=\"150\" width=\"150\"\/><\/a><\/div>\n<\/div>\n<\/div>\n<p>Auteur: L&rsquo;expert<br \/>\n<a href=\"http:\/\/lexpertjournal.net\/fr\/2019\/09\/20\/assassinats-belaid-et-brahmi-le-collectif-de-defense-en-sit-in-ouvert\/\">Cliquez ici pour lire l&rsquo;article depuis sa source.<\/a><\/p>\n","protected":false},"excerpt":{"rendered":"<p>Les membres du collectif de d\u00e9fense de l\u2019affaire Chokri Bela\u00efd et Mohamed Brahmi ont entam\u00e9, un sit-in ouvert dans les locaux du Tribunal de premi\u00e8re instance de Tunis 1. Le collectif invite les avocats \u00e0 rallier leur mouvement, demandant au parquet d\u2019examiner l\u2019affaire de l\u2019 \u00bbappareil secret \u00bb ou de la classer. Dans une d\u00e9claration, [&hellip;]<\/p>\n","protected":false},"author":1775,"featured_media":0,"comment_status":"closed","ping_status":"closed","sticky":false,"template":"","format":"standard","meta":{"fifu_image_url":"","fifu_image_alt":"","footnotes":""},"categories":[78,55],"tags":[],"class_list":["post-61738","post","type-post","status-publish","format-standard","hentry","category-economie","category-tunisie"],"_links":{"self":[{"href":"https:\/\/linitiative.ca\/International\/wp-json\/wp\/v2\/posts\/61738","targetHints":{"allow":["GET"]}}],"collection":[{"href":"https:\/\/linitiative.ca\/International\/wp-json\/wp\/v2\/posts"}],"about":[{"href":"https:\/\/linitiative.ca\/International\/wp-json\/wp\/v2\/types\/post"}],"author":[{"embeddable":true,"href":"https:\/\/linitiative.ca\/International\/wp-json\/wp\/v2\/users\/1775"}],"replies":[{"embeddable":true,"href":"https:\/\/linitiative.ca\/International\/wp-json\/wp\/v2\/comments?post=61738"}],"version-history":[{"count":0,"href":"https:\/\/linitiative.ca\/International\/wp-json\/wp\/v2\/posts\/61738\/revisions"}],"wp:attachment":[{"href":"https:\/\/linitiative.ca\/International\/wp-json\/wp\/v2\/media?parent=61738"}],"wp:term":[{"taxonomy":"category","embeddable":true,"href":"https:\/\/linitiative.ca\/International\/wp-json\/wp\/v2\/categories?post=61738"},{"taxonomy":"post_tag","embeddable":true,"href":"https:\/\/linitiative.ca\/International\/wp-json\/wp\/v2\/tags?post=61738"}],"curies":[{"name":"wp","href":"https:\/\/api.w.org\/{rel}","templated":true}]}}