{"id":61740,"date":"2019-09-20T07:04:06","date_gmt":"2019-09-20T11:04:06","guid":{"rendered":"https:\/\/linitiative.ca\/International\/ministere-de-la-defense-nationale-abdelkrim-zbidi-poursuit-sa-mission\/"},"modified":"2019-09-20T07:04:06","modified_gmt":"2019-09-20T11:04:06","slug":"ministere-de-la-defense-nationale-abdelkrim-zbidi-poursuit-sa-mission","status":"publish","type":"post","link":"https:\/\/linitiative.ca\/International\/ministere-de-la-defense-nationale-abdelkrim-zbidi-poursuit-sa-mission\/","title":{"rendered":"Minist\u00e8re de la D\u00e9fense nationale : Abdelkrim Zbidi poursuit sa mission"},"content":{"rendered":"<p>Le pr\u00e9sident de la R\u00e9publique par int\u00e9rim Mohamed Ennaceur a re\u00e7u, mercredi, au Palais de Carthage, le ministre de la D\u00e9fense nationale, Abdelkrim Zbidi.<\/p>\n<p>Cit\u00e9 dans un communiqu\u00e9 de la pr\u00e9sidence de la R\u00e9publique, Zbidi a d\u00e9clar\u00e9 que l\u2019entretien a \u00e9t\u00e9 l\u2019occasion \u00ab de faire le point sur la situation s\u00e9curitaire et militaire dans le pays, ainsi que sur la promptitude de l\u2019arm\u00e9e pour les prochaines \u00e9ch\u00e9ances \u00e9lectorales \u00bb.<\/p>\n<p>Le ministre de la D\u00e9fense a \u00e9galement indiqu\u00e9 que le pr\u00e9sident de la R\u00e9publique, chef supr\u00eame des forces arm\u00e9es l\u2019a charg\u00e9 d\u2019effectuer des visites d\u2019inspection dans plusieurs sites militaires dans les zones frontali\u00e8res tunisiennes.<\/p>\n<p class=\"dpsp-share-text\">Partager c&rsquo;est aimer!<\/p>\n<div class=\"wp-post-author-wrap wp-post-author-shortcode left\">\n<h3 class=\"awpa-title\"\/>\n<div class=\"wp-post-author\">\n<div class=\"awpa-img awpa-author-block square\"><a href=\"http:\/\/lexpertjournal.net\/fr\/author\/expert\/\"><img loading=\"lazy\" decoding=\"async\" alt=\"\" src=\"http:\/\/2.gravatar.com\/avatar\/56d99be2a6f97af88ccb49fada637fcd?s=150&#038;d=mm&#038;r=g\" srcset=\"http:\/\/2.gravatar.com\/avatar\/56d99be2a6f97af88ccb49fada637fcd?s=300&#038;d=mm&#038;r=g 2x\" class=\"avatar avatar-150 photo\" height=\"150\" width=\"150\"\/><\/a><\/div>\n<\/div>\n<\/div>\n<p>Auteur: L&rsquo;expert<br \/>\n<a href=\"http:\/\/lexpertjournal.net\/fr\/2019\/09\/20\/ministere-de-la-defense-nationale-abdelkrim-zbidi-poursuit-sa-mission\/\">Cliquez ici pour lire l&rsquo;article depuis sa source.<\/a><\/p>\n","protected":false},"excerpt":{"rendered":"<p>Le pr\u00e9sident de la R\u00e9publique par int\u00e9rim Mohamed Ennaceur a re\u00e7u, mercredi, au Palais de Carthage, le ministre de la D\u00e9fense nationale, Abdelkrim Zbidi. Cit\u00e9 dans un communiqu\u00e9 de la pr\u00e9sidence de la R\u00e9publique, Zbidi a d\u00e9clar\u00e9 que l\u2019entretien a \u00e9t\u00e9 l\u2019occasion \u00ab de faire le point sur la situation s\u00e9curitaire et militaire dans le [&hellip;]<\/p>\n","protected":false},"author":1775,"featured_media":0,"comment_status":"closed","ping_status":"closed","sticky":false,"template":"","format":"standard","meta":{"fifu_image_url":"","fifu_image_alt":"","footnotes":""},"categories":[78,55],"tags":[],"class_list":["post-61740","post","type-post","status-publish","format-standard","hentry","category-economie","category-tunisie"],"_links":{"self":[{"href":"https:\/\/linitiative.ca\/International\/wp-json\/wp\/v2\/posts\/61740","targetHints":{"allow":["GET"]}}],"collection":[{"href":"https:\/\/linitiative.ca\/International\/wp-json\/wp\/v2\/posts"}],"about":[{"href":"https:\/\/linitiative.ca\/International\/wp-json\/wp\/v2\/types\/post"}],"author":[{"embeddable":true,"href":"https:\/\/linitiative.ca\/International\/wp-json\/wp\/v2\/users\/1775"}],"replies":[{"embeddable":true,"href":"https:\/\/linitiative.ca\/International\/wp-json\/wp\/v2\/comments?post=61740"}],"version-history":[{"count":0,"href":"https:\/\/linitiative.ca\/International\/wp-json\/wp\/v2\/posts\/61740\/revisions"}],"wp:attachment":[{"href":"https:\/\/linitiative.ca\/International\/wp-json\/wp\/v2\/media?parent=61740"}],"wp:term":[{"taxonomy":"category","embeddable":true,"href":"https:\/\/linitiative.ca\/International\/wp-json\/wp\/v2\/categories?post=61740"},{"taxonomy":"post_tag","embeddable":true,"href":"https:\/\/linitiative.ca\/International\/wp-json\/wp\/v2\/tags?post=61740"}],"curies":[{"name":"wp","href":"https:\/\/api.w.org\/{rel}","templated":true}]}}