{"id":61741,"date":"2019-09-20T07:05:36","date_gmt":"2019-09-20T11:05:36","guid":{"rendered":"https:\/\/linitiative.ca\/International\/salon-premiere-vision-a-paris-participation-de-25-professionnels-du-textile-habillement\/"},"modified":"2019-09-20T07:05:36","modified_gmt":"2019-09-20T11:05:36","slug":"salon-premiere-vision-a-paris-participation-de-25-professionnels-du-textile-habillement","status":"publish","type":"post","link":"https:\/\/linitiative.ca\/International\/salon-premiere-vision-a-paris-participation-de-25-professionnels-du-textile-habillement\/","title":{"rendered":"Salon \u00ab Premi\u00e8re vision  \u00bb \u00e0 Paris Participation de 25 professionnels du textile-habillement"},"content":{"rendered":"<p>Vingt-cinq industriels tunisiens repr\u00e9sentant les principales fili\u00e8res du secteur du textile-habillement (jeans et sportswear, articles en maille, lingerie, pr\u00eat-\u00e0-porter, v\u00eatements de travail et articles en cuir et accessoires) ont particip\u00e9 au salon \u00bb Premi\u00e8re vision \u00bb du 17 au 19 septembre 2019, \u00e0 Paris.<\/p>\n<p>La Tunisie est le 9e fournisseur de l\u2019UE en Habillement, avec une part de march\u00e9 de 2,58% (6 premiers mois 2019).<\/p>\n<p>Organis\u00e9e par le CEPEX, la participation tunisienne qui occupe un pavillon de 336 m2, vise \u00e0 promouvoir l\u2019offre du secteur textile-habillement, sur le march\u00e9 fran\u00e7ais. L\u2019\u00e9dition de septembre 2019 du salon \u00bb Premi\u00e8re vision \u00ab , organis\u00e9 deux fois par an, accueillera 62 000 professionnels de plus de 120 pays. A noter que le march\u00e9 de l\u2019union europ\u00e9enne est le premier march\u00e9 mondial d\u2019importation du Textile-habillement avec 510 millions de consommateurs. Les importations de l\u2019UE ont affich\u00e9 une croissance de 6,75 %, durant le premier semestre de l\u2019ann\u00e9e 2019, par rapport \u00e0 m\u00eame p\u00e9riode de l\u2019ann\u00e9e 2018.<\/p>\n<p class=\"dpsp-share-text\">Partager c&rsquo;est aimer!<\/p>\n<div class=\"wp-post-author-wrap wp-post-author-shortcode left\">\n<h3 class=\"awpa-title\"\/>\n<div class=\"wp-post-author\">\n<div class=\"awpa-img awpa-author-block square\"><a href=\"http:\/\/lexpertjournal.net\/fr\/author\/expert\/\"><img loading=\"lazy\" decoding=\"async\" alt=\"\" src=\"http:\/\/2.gravatar.com\/avatar\/56d99be2a6f97af88ccb49fada637fcd?s=150&#038;d=mm&#038;r=g\" srcset=\"http:\/\/2.gravatar.com\/avatar\/56d99be2a6f97af88ccb49fada637fcd?s=300&#038;d=mm&#038;r=g 2x\" class=\"avatar avatar-150 photo\" height=\"150\" width=\"150\"\/><\/a><\/div>\n<\/div>\n<\/div>\n<p>Auteur: L&rsquo;expert<br \/>\n<a href=\"http:\/\/lexpertjournal.net\/fr\/2019\/09\/20\/salon-premiere-vision-a-paris-participation-de-25-professionnels-du-textile-habillement\/\">Cliquez ici pour lire l&rsquo;article depuis sa source.<\/a><\/p>\n","protected":false},"excerpt":{"rendered":"<p>Vingt-cinq industriels tunisiens repr\u00e9sentant les principales fili\u00e8res du secteur du textile-habillement (jeans et sportswear, articles en maille, lingerie, pr\u00eat-\u00e0-porter, v\u00eatements de travail et articles en cuir et accessoires) ont particip\u00e9 au salon \u00bb Premi\u00e8re vision \u00bb du 17 au 19 septembre 2019, \u00e0 Paris. La Tunisie est le 9e fournisseur de l\u2019UE en Habillement, avec [&hellip;]<\/p>\n","protected":false},"author":1775,"featured_media":0,"comment_status":"closed","ping_status":"closed","sticky":false,"template":"","format":"standard","meta":{"fifu_image_url":"","fifu_image_alt":"","footnotes":""},"categories":[78,55],"tags":[],"class_list":["post-61741","post","type-post","status-publish","format-standard","hentry","category-economie","category-tunisie"],"_links":{"self":[{"href":"https:\/\/linitiative.ca\/International\/wp-json\/wp\/v2\/posts\/61741","targetHints":{"allow":["GET"]}}],"collection":[{"href":"https:\/\/linitiative.ca\/International\/wp-json\/wp\/v2\/posts"}],"about":[{"href":"https:\/\/linitiative.ca\/International\/wp-json\/wp\/v2\/types\/post"}],"author":[{"embeddable":true,"href":"https:\/\/linitiative.ca\/International\/wp-json\/wp\/v2\/users\/1775"}],"replies":[{"embeddable":true,"href":"https:\/\/linitiative.ca\/International\/wp-json\/wp\/v2\/comments?post=61741"}],"version-history":[{"count":0,"href":"https:\/\/linitiative.ca\/International\/wp-json\/wp\/v2\/posts\/61741\/revisions"}],"wp:attachment":[{"href":"https:\/\/linitiative.ca\/International\/wp-json\/wp\/v2\/media?parent=61741"}],"wp:term":[{"taxonomy":"category","embeddable":true,"href":"https:\/\/linitiative.ca\/International\/wp-json\/wp\/v2\/categories?post=61741"},{"taxonomy":"post_tag","embeddable":true,"href":"https:\/\/linitiative.ca\/International\/wp-json\/wp\/v2\/tags?post=61741"}],"curies":[{"name":"wp","href":"https:\/\/api.w.org\/{rel}","templated":true}]}}