{"id":61742,"date":"2019-09-20T09:02:00","date_gmt":"2019-09-20T13:02:00","guid":{"rendered":"https:\/\/linitiative.ca\/International\/mobilisation-massive-a-alger-ce-vendredi\/"},"modified":"2019-09-20T09:02:00","modified_gmt":"2019-09-20T13:02:00","slug":"mobilisation-massive-a-alger-ce-vendredi","status":"publish","type":"post","link":"https:\/\/linitiative.ca\/International\/mobilisation-massive-a-alger-ce-vendredi\/","title":{"rendered":"Mobilisation massive \u00e0 Alger ce vendredi"},"content":{"rendered":"<div id=\"originalText\" readability=\"77.3225246091\">\n<p>Des centaines de manifestants ont investi les rues de la capitale, aujourd\u2019hui, d\u00e8s 11h du matin, pour ce 31e\u00a0vendredi de marche contre le syst\u00e8me.<\/p>\n<p>Les forces de l\u2019ordre, d\u00e9ploy\u00e9es en grand nombre, ont proc\u00e9d\u00e9 \u00e0 plusieurs interpellations parmi les premiers manifestants qui se sont regroup\u00e9s Place de la Grande Poste mais \u00e9galement au niveau de la rue Didouche Mourad, au c\u0153ur de la capitale.\u00a0On ignore, pour l\u2019heure, le nombre exact de personnes interpell\u00e9es. Cependant, malgr\u00e9 le raidissement dans la r\u00e9pression, les alg\u00e9rois sont sortis en masse pour manifester contre le syst\u00e8me et pour dire, une nouvelle fois, non aux \u00e9lections pr\u00e9sidentielles fix\u00e9es pour le 12 d\u00e9cembre prochain.<\/p>\n<p>En effet, les manifestants ont fait preuve de d\u00e9termination \u00e0 aller au bout de leur r\u00e9volution. Comme chaque vendredi, les manifestants ont scand\u00e9 des slogans hostiles au chef d\u2019\u00e9tat-major de l\u2019ANP, le g\u00e9n\u00e9ral Ahmed Gaid Salah , en insistant sur la primaut\u00e9 du politique sur le militaire.<\/p>\n<p>Entre autres slogans entonn\u00e9s ce vendredi\u00a0: \u00ab\u00a0la nourid la nourid, el hokm a\u00e2skar min jadid)\u00a0\u00bb( on ne veut pas d\u2019un pouvoir militaire \u00e0 nouveau\u00a0\u00bb, (cha\u00e2b yourid iskat Gaid Salah) \u00ab\u00a0 le peuple veut la chute de Ga\u00efd Salah\u00a0\u00bb, ou encore \u00ab\u00a0 les g\u00e9n\u00e9raux \u00e0 la poubelle et l\u2019Alg\u00e9rie aura son ind\u00e9pendance\u00a0\u00bb.<\/p>\n<p><iframe loading=\"lazy\" allow=\"accelerometer; autoplay; encrypted-media; gyroscope; picture-in-picture\" allowfullscreen=\"\" frameborder=\"0\" height=\"315\" src=\"https:\/\/www.youtube.com\/embed\/tiJ4Z3mn_nQ\" width=\"560\">[embedded content]<\/iframe><\/p>\n<p><iframe loading=\"lazy\" allowfullscreen=\"true\" allowtransparency=\"true\" frameborder=\"0\" height=\"315\" scrolling=\"no\" src=\"https:\/\/www.facebook.com\/plugins\/video.php?href=https%3A%2F%2Fwww.facebook.com%2FJournaLiberteOfficiel%2Fvideos%2F528006247973304%2F&#038;show_text=0&#038;width=560\" class=\"c10\" width=\"560\">[embedded content]<\/iframe><\/p>\n<p><iframe loading=\"lazy\" frameborder=\"0\" height=\"315\" p=\"\" src=\"https:\/\/www.youtube.com\/embed\/YPU9lRuzZHY\" width=\"560\">les manifestants ont par ailleurs rappel\u00e9 leur d\u00e9termination \u00e0 poursuivre le \u00ab\u00a0Hirak\u00a0\u00bb, malgr\u00e9 la r\u00e9pression\u00a0: \u00ab\u00a0edouna kamal lel habs,\u00a0wel cha\u00e2b marahouch habes\u00a0\u00bb \u00ab\u00a0emmenez-nous tous en prison, le peuple ne s\u2019arr\u00eatera pas\u00a0\u00bb.<\/iframe><\/p>\n<p>Suivez le cours des \u00e9v\u00e9nements de cette journ\u00e9e du vendredi 20 septembre,\u00a0sur notre page <a href=\"https:\/\/www.facebook.com\/JournaLiberteOfficiel\/\" target=\"_blank\" rel=\"noopener noreferrer\">Facebook<\/a> ou <a href=\"https:\/\/twitter.com\/JournaLiberteDZ\" target=\"_blank\" rel=\"noopener noreferrer\">Twitter<\/a>.\u00a0<\/p>\n<p class=\"c11\"><strong>R\u00e9daction Web<\/strong><\/p>\n<\/div>\n<div id=\"text_core\" readability=\"77.3225246091\">\n<p>Des centaines de manifestants ont investi les rues de la capitale, aujourd\u2019hui, d\u00e8s 11h du matin, pour ce 31e\u00a0vendredi de marche contre le syst\u00e8me.<\/p>\n<p>Les forces de l\u2019ordre, d\u00e9ploy\u00e9es en grand nombre, ont proc\u00e9d\u00e9 \u00e0 plusieurs interpellations parmi les premiers manifestants qui se sont regroup\u00e9s Place de la Grande Poste mais \u00e9galement au niveau de la rue Didouche Mourad, au c\u0153ur de la capitale.\u00a0On ignore, pour l\u2019heure, le nombre exact de personnes interpell\u00e9es. Cependant, malgr\u00e9 le raidissement dans la r\u00e9pression, les alg\u00e9rois sont sortis en masse pour manifester contre le syst\u00e8me et pour dire, une nouvelle fois, non aux \u00e9lections pr\u00e9sidentielles fix\u00e9es pour le 12 d\u00e9cembre prochain.<\/p>\n<p>En effet, les manifestants ont fait preuve de d\u00e9termination \u00e0 aller au bout de leur r\u00e9volution. Comme chaque vendredi, les manifestants ont scand\u00e9 des slogans hostiles au chef d\u2019\u00e9tat-major de l\u2019ANP, le g\u00e9n\u00e9ral Ahmed Gaid Salah , en insistant sur la primaut\u00e9 du politique sur le militaire.<\/p>\n<p>Entre autres slogans entonn\u00e9s ce vendredi\u00a0: \u00ab\u00a0la nourid la nourid, el hokm a\u00e2skar min jadid)\u00a0\u00bb( on ne veut pas d\u2019un pouvoir militaire \u00e0 nouveau\u00a0\u00bb, (cha\u00e2b yourid iskat Gaid Salah) \u00ab\u00a0 le peuple veut la chute de Ga\u00efd Salah\u00a0\u00bb, ou encore \u00ab\u00a0 les g\u00e9n\u00e9raux \u00e0 la poubelle et l\u2019Alg\u00e9rie aura son ind\u00e9pendance\u00a0\u00bb.<\/p>\n<p><iframe loading=\"lazy\" allow=\"accelerometer; autoplay; encrypted-media; gyroscope; picture-in-picture\" allowfullscreen=\"\" frameborder=\"0\" height=\"315\" src=\"https:\/\/www.youtube.com\/embed\/tiJ4Z3mn_nQ\" width=\"560\">[embedded content]<\/iframe><\/p>\n<p><iframe loading=\"lazy\" allowfullscreen=\"true\" allowtransparency=\"true\" frameborder=\"0\" height=\"315\" scrolling=\"no\" src=\"https:\/\/www.facebook.com\/plugins\/video.php?href=https%3A%2F%2Fwww.facebook.com%2FJournaLiberteOfficiel%2Fvideos%2F528006247973304%2F&#038;show_text=0&#038;width=560\" class=\"c10\" width=\"560\">[embedded content]<\/iframe><\/p>\n<p><iframe loading=\"lazy\" frameborder=\"0\" height=\"315\" p=\"\" src=\"https:\/\/www.youtube.com\/embed\/YPU9lRuzZHY\" width=\"560\">les manifestants ont par ailleurs rappel\u00e9 leur d\u00e9termination \u00e0 poursuivre le \u00ab\u00a0Hirak\u00a0\u00bb, malgr\u00e9 la r\u00e9pression\u00a0: \u00ab\u00a0edouna kamal lel habs,\u00a0wel cha\u00e2b marahouch habes\u00a0\u00bb \u00ab\u00a0emmenez-nous tous en prison, le peuple ne s\u2019arr\u00eatera pas\u00a0\u00bb.<\/iframe><\/p>\n<p>Suivez le cours des \u00e9v\u00e9nements de cette journ\u00e9e du vendredi 20 septembre,\u00a0sur notre page <a href=\"https:\/\/www.facebook.com\/JournaLiberteOfficiel\/\" target=\"_blank\" rel=\"noopener noreferrer\">Facebook<\/a> ou <a href=\"https:\/\/twitter.com\/JournaLiberteDZ\" target=\"_blank\" rel=\"noopener noreferrer\">Twitter<\/a>.\u00a0<\/p>\n<p class=\"c11\"><strong>R\u00e9daction Web<\/strong><\/p>\n<\/div>\n<p>Auteur:<br \/>\n<a href=\"https:\/\/www.liberte-algerie.com\/actualite\/mobilisation-massive-a-alger-ce-vendredi-324282\">Cliquez ici pour lire l&rsquo;article depuis sa source.<\/a><\/p>\n","protected":false},"excerpt":{"rendered":"<p>Des centaines de manifestants ont investi les rues de la capitale, aujourd\u2019hui, d\u00e8s 11h du matin, pour ce 31e\u00a0vendredi de marche contre le syst\u00e8me. Les forces de l\u2019ordre, d\u00e9ploy\u00e9es en grand nombre, ont proc\u00e9d\u00e9 \u00e0 plusieurs interpellations parmi les premiers manifestants qui se sont regroup\u00e9s Place de la Grande Poste mais \u00e9galement au niveau de [&hellip;]<\/p>\n","protected":false},"author":1742,"featured_media":0,"comment_status":"closed","ping_status":"closed","sticky":false,"template":"","format":"standard","meta":{"fifu_image_url":"","fifu_image_alt":"","footnotes":""},"categories":[73,53],"tags":[],"class_list":["post-61742","post","type-post","status-publish","format-standard","hentry","category-actualite","category-algerie"],"_links":{"self":[{"href":"https:\/\/linitiative.ca\/International\/wp-json\/wp\/v2\/posts\/61742","targetHints":{"allow":["GET"]}}],"collection":[{"href":"https:\/\/linitiative.ca\/International\/wp-json\/wp\/v2\/posts"}],"about":[{"href":"https:\/\/linitiative.ca\/International\/wp-json\/wp\/v2\/types\/post"}],"author":[{"embeddable":true,"href":"https:\/\/linitiative.ca\/International\/wp-json\/wp\/v2\/users\/1742"}],"replies":[{"embeddable":true,"href":"https:\/\/linitiative.ca\/International\/wp-json\/wp\/v2\/comments?post=61742"}],"version-history":[{"count":0,"href":"https:\/\/linitiative.ca\/International\/wp-json\/wp\/v2\/posts\/61742\/revisions"}],"wp:attachment":[{"href":"https:\/\/linitiative.ca\/International\/wp-json\/wp\/v2\/media?parent=61742"}],"wp:term":[{"taxonomy":"category","embeddable":true,"href":"https:\/\/linitiative.ca\/International\/wp-json\/wp\/v2\/categories?post=61742"},{"taxonomy":"post_tag","embeddable":true,"href":"https:\/\/linitiative.ca\/International\/wp-json\/wp\/v2\/tags?post=61742"}],"curies":[{"name":"wp","href":"https:\/\/api.w.org\/{rel}","templated":true}]}}