{"id":61745,"date":"2019-09-20T05:11:21","date_gmt":"2019-09-20T09:11:21","guid":{"rendered":"https:\/\/linitiative.ca\/International\/solar-decathlon-africa-une-equipe-turque-se-distingue\/"},"modified":"2019-09-20T05:11:21","modified_gmt":"2019-09-20T09:11:21","slug":"solar-decathlon-africa-une-equipe-turque-se-distingue","status":"publish","type":"post","link":"https:\/\/linitiative.ca\/International\/solar-decathlon-africa-une-equipe-turque-se-distingue\/","title":{"rendered":"Solar Decathlon Africa: Une \u00e9quipe turque se distingue"},"content":{"rendered":"<div readability=\"37\">\n<p>Benguerir- L\u2019\u00e9quipe turque \u00ab\u00a0Bosphourus\u00a0\u00bb de l\u2019Universit\u00e9 d\u2019Istanbul a \u00e9t\u00e9 class\u00e9e premi\u00e8re dans les \u00e9preuves de \u00ab\u00a0l\u2019innovation\u00a0\u00bb et \u00ab\u00a0l\u2019ing\u00e9nierie et construction\u00a0\u00bb, selon les r\u00e9sultats des deux premiers concours du Solar Decathlon Africa annonc\u00e9s mardi, en marge de la deuxi\u00e8me \u00e9dition du \u00ab\u00a0Green Mobility Forum\u00a0\u00bb organis\u00e9e au sein de la ville verte de Benguerir.<\/p>\n<\/div>\n<div readability=\"101\">\n<p>Durant ces 2 derniers jours, un jury d\u2019experts a pass\u00e9 au crible les 18 maisons participantes pour \u00e9valuer les moindres aspects relatifs, pour ces premi\u00e8res \u00e9preuves, aux innovations impl\u00e9ment\u00e9es par les \u00e9quipes et les techniques d\u2019ing\u00e9nierie et de construction.<\/p>\n<p>Dans l\u2019\u00e9preuve \u00ab\u00a0Innovation\u00a0\u00bb, l\u2019\u00e9quipe \u00ab\u00a0INTER-HOUSE\u00a0\u00bb compos\u00e9e de l\u2019Universit\u00e9 Cadi Ayyad, l\u2019Universit\u00e9 de Colorado, l\u2019Ecole nationale d\u2019architecture (ENA) de\u00a0Marrakech\u00a0a \u00e9t\u00e9 class\u00e9e deuxi\u00e8me suivie en troisi\u00e8me position de l\u2019\u00e9quipe \u00ab\u00a0NEOPETRA\u00a0\u00bb compos\u00e9e de l\u2019EMINES de l\u2019Universit\u00e9 Mohammed VI Polytechnique, l\u2019Ecole Hassania des Travaux Publics (EHTP), l\u2019\u00c9cole d\u2019Architecture de Casablanca et la Conf\u00e9d\u00e9ration des junior-entreprises marocaines (CJEM).<\/p>\n<p>S\u2019agissant de l\u2019\u00e9preuve de \u00ab\u00a0l\u2019ing\u00e9nierie et construction\u00a0\u00bb, l\u2019\u00e9quipe \u00ab\u00a0NEOPETRA\u00a0\u00bb a occup\u00e9 la deuxi\u00e8me position alors que l\u2019\u00e9quipe \u00ab\u00a0BAYTI AKHDAR\u00a0\u00bb compos\u00e9e de l\u2019Universit\u00e9 sultan Moulay Slimane de Beni Mellal et de l\u2019Universit\u00e9 Cheikh Anta Diop du S\u00e9n\u00e9gal s\u2019est class\u00e9e troisi\u00e8me.<\/p>\n<p>Les jurys dans les cat\u00e9gories d\u2019architecture et de marketing feront leurs visites durant les prochains jours. Les r\u00e9sultats de ces \u00e9preuves seront annonc\u00e9s samedi prochain en marge de la conf\u00e9rence sur le photovolta\u00efque int\u00e9gr\u00e9 au b\u00e2timent.<\/p>\n<p>Durant l\u2019\u00e9v\u00e9nement final de la comp\u00e9tition, les maisons participantes seront jug\u00e9es sur la base de 10 \u00e9valuations (decathlon). L\u2019\u00e9quipe laur\u00e9ate est celle qui cumule le maximum de points sur la base de mille points.<\/p>\n<p>La deuxi\u00e8me \u00e9dition du \u00ab\u00a0Green Mobility Forum\u00a0\u00bb a connu la participation de plus de 260 participants, qui ont \u00e9t\u00e9 gratifi\u00e9s par des expos\u00e9s de haut niveau pr\u00e9sent\u00e9s par plusieurs experts marocains et \u00e9trangers venant du monde de la recherche et de l\u2019industrie.<\/p>\n<p>Au programme de ce forum figurent aussi des expositions et d\u00e9monstrations de solutions innovantes, en relation avec la recharge intelligente par induction, pr\u00e9sent\u00e9s notamment par l\u2019Institut fran\u00e7ais VEDECOM qui travaille dans le domaine de la mobilit\u00e9 durable et les v\u00e9hicules d\u00e9carbon\u00e9s, la soci\u00e9t\u00e9 FAAR-Industry, la soci\u00e9t\u00e9 CARWATT et Schneider Electric et autres.<\/p>\n<p>Le Green Mobility Forum s\u2019est articul\u00e9 autour de trois piliers, notamment \u00ab\u00a0les nouvelles tendances et innovations technologiques dans la mobilit\u00e9 verte\u00a0\u00bb, \u00ab\u00a0les opportunit\u00e9s et d\u00e9fis concernant le d\u00e9veloppement de la mobilit\u00e9 verte au Maroc\u00a0\u00bb et \u00ab\u00a0l\u2019\u00e9cosyst\u00e8me de recherche et d\u00e9veloppement dans le domaine de la mobilit\u00e9 verte au Maroc\u00a0\u00bb.<\/p>\n<p>Organis\u00e9 sous le Haut Patronage de SM le Roi Mohammed VI, par l\u2019Universit\u00e9 Mohammed VI Polytechnique, l\u2019Institut de Recherche en \u00c9nergie Solaire et \u00c9nergies Nouvelles (IRESEN), avec le soutien du Minist\u00e8re de l\u2019\u00c9nergie, des Mines et du D\u00e9veloppement Durable, le \u00ab\u00a0Solar Decathlon Africa\u00a0\u00bb repr\u00e9sente la plus grande comp\u00e9tition estudiantine au monde pendant laquelle plus de 1.200 \u00e9tudiants doivent concevoir et construire des maisonnettes intelligentes fonctionnant uniquement \u00e0 l\u2019\u00e9nergie solaire.<\/p>\n<p>Ces \u00e9tudiants repr\u00e9sentant 58 universit\u00e9s internationales, participent \u00e0 la conception, la construction puis l\u2019exploitation des maisons \u00e9nerg\u00e9tiquement autonomes, qui utilisent l\u2019\u00e9nergie solaire comme unique source d\u2019\u00e9nergie et sont \u00e9quip\u00e9es par des technologies qui permettent une efficacit\u00e9 \u00e9nerg\u00e9tique maximale.<\/p>\n<\/div>\n<p>Auteur: Mohammed KOURSI<br \/>\n<a href=\"http:\/\/www.mapmarrakech.ma\/fr\/solar-decathlon-africa-une-equipe-turque-se-distingue\/\">Cliquez ici pour lire l&rsquo;article depuis sa source.<\/a><\/p>\n","protected":false},"excerpt":{"rendered":"<p>Benguerir- L\u2019\u00e9quipe turque \u00ab\u00a0Bosphourus\u00a0\u00bb de l\u2019Universit\u00e9 d\u2019Istanbul a \u00e9t\u00e9 class\u00e9e premi\u00e8re dans les \u00e9preuves de \u00ab\u00a0l\u2019innovation\u00a0\u00bb et \u00ab\u00a0l\u2019ing\u00e9nierie et construction\u00a0\u00bb, selon les r\u00e9sultats des deux premiers concours du Solar Decathlon Africa annonc\u00e9s mardi, en marge de la deuxi\u00e8me \u00e9dition du \u00ab\u00a0Green Mobility Forum\u00a0\u00bb organis\u00e9e au sein de la ville verte de Benguerir. Durant ces 2 [&hellip;]<\/p>\n","protected":false},"author":1788,"featured_media":0,"comment_status":"closed","ping_status":"closed","sticky":false,"template":"","format":"standard","meta":{"fifu_image_url":"","fifu_image_alt":"","footnotes":""},"categories":[54,76],"tags":[],"class_list":["post-61745","post","type-post","status-publish","format-standard","hentry","category-maroc","category-regions"],"_links":{"self":[{"href":"https:\/\/linitiative.ca\/International\/wp-json\/wp\/v2\/posts\/61745","targetHints":{"allow":["GET"]}}],"collection":[{"href":"https:\/\/linitiative.ca\/International\/wp-json\/wp\/v2\/posts"}],"about":[{"href":"https:\/\/linitiative.ca\/International\/wp-json\/wp\/v2\/types\/post"}],"author":[{"embeddable":true,"href":"https:\/\/linitiative.ca\/International\/wp-json\/wp\/v2\/users\/1788"}],"replies":[{"embeddable":true,"href":"https:\/\/linitiative.ca\/International\/wp-json\/wp\/v2\/comments?post=61745"}],"version-history":[{"count":0,"href":"https:\/\/linitiative.ca\/International\/wp-json\/wp\/v2\/posts\/61745\/revisions"}],"wp:attachment":[{"href":"https:\/\/linitiative.ca\/International\/wp-json\/wp\/v2\/media?parent=61745"}],"wp:term":[{"taxonomy":"category","embeddable":true,"href":"https:\/\/linitiative.ca\/International\/wp-json\/wp\/v2\/categories?post=61745"},{"taxonomy":"post_tag","embeddable":true,"href":"https:\/\/linitiative.ca\/International\/wp-json\/wp\/v2\/tags?post=61745"}],"curies":[{"name":"wp","href":"https:\/\/api.w.org\/{rel}","templated":true}]}}