{"id":61746,"date":"2019-09-20T06:38:35","date_gmt":"2019-09-20T10:38:35","guid":{"rendered":"https:\/\/linitiative.ca\/International\/essaouira-a-lheure-de-la-hiloula-de-rabbi-haim-pinto\/"},"modified":"2019-09-20T06:38:35","modified_gmt":"2019-09-20T10:38:35","slug":"essaouira-a-lheure-de-la-hiloula-de-rabbi-haim-pinto","status":"publish","type":"post","link":"https:\/\/linitiative.ca\/International\/essaouira-a-lheure-de-la-hiloula-de-rabbi-haim-pinto\/","title":{"rendered":"Essaouira \u00e0 l\u2019heure de la Hiloula de Rabbi Ha\u00efm Pinto"},"content":{"rendered":"<div readability=\"40\">\n<p>Essaouira- Plusieurs centaines de membres de la communaut\u00e9 marocaine de confession juive, issus des quatre coins du monde, se sont donn\u00e9s rendez-vous, jeudi soir \u00e0 Essaouira, pour c\u00e9l\u00e9brer, dans une ambiance de communion et de recueillement, la Hiloula du Saint Rabbi Ha\u00efm Pinto.<\/p>\n<\/div>\n<div readability=\"191\">\n<p>Ce rendez-vous religieux, qui se tient annuellement dans la cit\u00e9 des Aliz\u00e9s, est un moment tr\u00e8s attendu par les membres de cette communaut\u00e9 et offre un espace de rencontre et de retrouvaille au Maroc, pour des Marocains de confession juive venus notamment d\u2019Am\u00e9rique du Nord, d\u2019Am\u00e9rique Latine et de toute l\u2019Europe.<\/p>\n<p>Il s\u2019agit aussi d\u2019une occasion pour renouer avec la M\u00e8re-Patrie, le Maroc, havre de paix, terre de tol\u00e9rance, de coexistence pacifique et d\u2019ouverture, combien si cher \u00e0 cette communaut\u00e9 \u00e9tablie \u00e0 travers le monde.<\/p>\n<p>Pour c\u00e9l\u00e9brer cet attachement ind\u00e9fectible au Royaume, une c\u00e9r\u00e9monie officielle a \u00e9t\u00e9 organis\u00e9e, jeudi soir, au cimeti\u00e8re de Rabbi Ha\u00efm Pinto, en pr\u00e9sence notamment du gouverneur de la province, Adil El Maliki, des repr\u00e9sentants des autorit\u00e9s locales, des chefs des services ext\u00e9rieurs, des \u00e9lus locaux ainsi que d\u2019autres personnalit\u00e9s.<\/p>\n<p>Lors de cette c\u00e9r\u00e9monie religieuse, des pri\u00e8res ont \u00e9t\u00e9 \u00e9lev\u00e9es au Tout-Puissant pour pr\u00e9server SM le Roi Mohammed VI et accorder au Souverain, \u00e0 SAR le Prince H\u00e9ritier Moulay El Hassan, \u00e0 SAR la Princesse Lalla Khadija, et \u00e0 l\u2019ensemble de l\u2019illustre Famille Royale, sant\u00e9, bonheur et longue vie.<\/p>\n<p>L\u2019assistance a \u00e9galement implor\u00e9 le Tr\u00e8s-Haut de guider les pas de SM le Roi dans Son \u0153uvre d\u2019\u00e9dification et de modernisation du pays et de pr\u00e9server le Royaume et assurer sa paix et son progr\u00e8s.<\/p>\n<p>Par la suite, le gouverneur et la d\u00e9l\u00e9gation l\u2019accompagnant ainsi que les membres de la communaut\u00e9 marocaine de confession juive, ont pris part \u00e0 une c\u00e9r\u00e9monie grandiose agr\u00e9ment\u00e9e par un floril\u00e8ge de chansons patriotiques et d\u2019autres tir\u00e9es du r\u00e9pertoire musical populaire et jud\u00e9o-marocain, le tout dans une ambiance de convivialit\u00e9, de fraternit\u00e9 et d\u2019ouverture.<\/p>\n<p>A cette occasion, les membres de cette communaut\u00e9 ont brandi des portraits de Sa Majest\u00e9 le Roi Mohammed VI ainsi que des drapeaux nationaux, une mani\u00e8re \u00e9loquente de r\u00e9it\u00e9rer leur attachement constant et ind\u00e9fectible au Glorieux Tr\u00f4ne Alaouite et au Maroc, un pays cher \u00e0 tous.<\/p>\n<p>Dans une allocution de circonstance, le Rabbin David Pinto, a dit toute sa joie et sa fiert\u00e9 de se retrouver encore cette ann\u00e9e \u00e0\u00a0Essaouira\u00a0pour c\u00e9l\u00e9brer comme \u00e0 l\u2019accoutum\u00e9 ce grand \u00e9v\u00e9nement, notant que ce rendez-vous annuel phare de la communaut\u00e9 marocaine de confession juive constitue, pour ses membres, une occasion de r\u00e9it\u00e9rer leur ferme attachement \u00e0 la M\u00e8re-patrie, et d\u2019inculquer aux jeunes ce fort sentiment d\u2019appartenance \u00e0 ce beau pays.<\/p>\n<p>\u00a0\u00bbLe Maroc est notre terre natale. C\u2019est un pays que nous aimons tous et que nous ch\u00e9rissons plus. Je suis tellement heureux et si fier de me retrouver encore cette ann\u00e9e \u00e0\u00a0Essaouira\u00a0et de l\u2019accueil chaleureux qui nous est r\u00e9serv\u00e9 ici\u00a0\u00bb, s\u2019est-il r\u00e9joui, rappelant que des millions de personnes lorsqu\u2019elles suivront cette c\u00e9l\u00e9bration de la Hiloula vont constater ce qui se passe au Maroc, terre de paix, de coexistence, de tol\u00e9rance et d\u2019ouverture.<\/p>\n<p>\u00ab\u00a0Chacun de nous ici est un ambassadeur du Maroc et d\u2019ailleurs. Beaucoup de gens sont venus uniquement par curiosit\u00e9 pour qu\u2019ils entendent, d\u00e9couvrent et appr\u00e9cient ce beau et b\u00e9ni pays\u00a0\u00bb, a-t-il dit.<\/p>\n<p>Pour sa part, le gouverneur de la province a rappel\u00e9 que cet \u00e9v\u00e9nement spirituel annuel est une occasion pour les fid\u00e8les de confession juive, venant du monde entier, de renouer avec leurs racines marocaines.<\/p>\n<p>\u00a0\u00bbVotre pr\u00e9sence massive aujourd\u2019hui t\u00e9moigne, sans \u00e9quivoque, de l\u2019attachement de la communaut\u00e9 juive marocaine \u00e0 ses traditions et constitue, par ailleurs, un message de loyaut\u00e9 au Royaume et d\u2019attachement profond au Glorieux Tr\u00f4ne Alaouite et \u00e0 Sa Majest\u00e9 le Roi Mohammed VI\u00a0\u00bb, a-t-il affirm\u00e9, qualifiant ce p\u00e8lerinage de \u00a0\u00bbmoment fort de pri\u00e8re, de pi\u00e9t\u00e9, de recueillement mais \u00e9galement de fraternit\u00e9, de partage et de convivialit\u00e9\u00a0\u00bb.<\/p>\n<p>\u00a0\u00bbFraternit\u00e9 et partage sont des valeurs qui forment le socle de notre pays et qui ne cessent d\u2019\u00eatre consolid\u00e9s gr\u00e2ce \u00e0 l\u2019int\u00e9r\u00eat particulier que porte SM le Roi \u00e0 la pr\u00e9servation de notre h\u00e9ritage historique commun\u00a0\u00bb, a poursuivi M. El Maliki, rappelant dans ce sens le chantier Royal lanc\u00e9 r\u00e9cemment par le Souverain qui vise la sauvegarde de la richesse civilisationnelle du Royaume par la r\u00e9habilitation des anciennes m\u00e9dinas.<\/p>\n<p>Il a expliqu\u00e9 que ce programme de grande envergure concerne particuli\u00e8rement le quartier Mellah en vue de rehausser son paysage urbanistique, de requalifier ses \u00e9quipements de proximit\u00e9, de mettre en valeur son patrimoine culturel et cultuel, notamment la Synagogue \u00ab\u00a0Slat Al Kahal\u00a0\u00bb et de conserver son aspect architectural d\u2019origine dans un mod\u00e8le respectant les \u00e9difices et l\u2019architecture de la m\u00e9dina, notant que l\u2019objectif de ce projet est de cr\u00e9er une dynamique de d\u00e9veloppement socio-\u00e9conomique de la M\u00e9dina tout en pr\u00e9servant son identit\u00e9 plurielle.<\/p>\n<p>D\u2019autres intervenants parmi les membres de la communaut\u00e9 marocaine de confession juive ont mis en avant cette ambiance de pi\u00e9t\u00e9, de convivialit\u00e9, de fraternit\u00e9 et de joie qui marque la c\u00e9l\u00e9bration de la Hiloula de Rebbi Ha\u00efm Pinto, tout en adressant leurs remerciements les plus sinc\u00e8res aux habitants de la ville d\u2019Essaouira\u00a0et aux organisateurs pour l\u2019accueil chaleureux et pour les excellentes conditions de s\u00e9curit\u00e9 et de confort dont ils jouissent dans leur pays d\u2019origine.<\/p>\n<p>Ils ont, par la m\u00eame occasion, implor\u00e9 le Tout-Puissant de r\u00e9pandre la paix et la prosp\u00e9rit\u00e9 dans tous le Royaume, relevant que \u00ab\u00a0chaque ann\u00e9e, nous renfor\u00e7ons notre relation ind\u00e9fectible avec ce beau pays, notre attachement visc\u00e9ral avec la terre du Maroc et nous sommes tr\u00e8s heureux de constater de visu, d\u2019ann\u00e9e en ann\u00e9e, le d\u00e9veloppement remarquable que le Royaume conna\u00eet sous la conduite \u00e9clair\u00e9e et sage de SM le Roi Mohammed VI\u00a0\u00bb.<\/p>\n<p>Ils ont r\u00e9it\u00e9r\u00e9 leur d\u00e9termination \u00e0 oeuvrer, sans rel\u00e2che, pour faire rayonner l\u2019image du Royaume \u00e0 travers le monde, faisant part de leur conviction que le Maroc \u00ab\u00a0fera encore demain un travail aussi important pour \u00eatre le pont entre les peuples au service de la paix et de la tol\u00e9rance\u00a0\u00bb.<\/p>\n<p>A souligner que le Grand Rabbin Ha\u00efm Pinto est une personnalit\u00e9 embl\u00e9matique du juda\u00efsme marocain, au rayonnement national et international, qui a marqu\u00e9 de son sceau l\u2019histoire d\u2019Essaouira-Mogador et son h\u00e9ritage spirituel, religieux et philosophique.<\/p>\n<\/div>\n<p>Auteur: Mohammed KOURSI<br \/>\n<a href=\"http:\/\/www.mapmarrakech.ma\/fr\/essaouira-a-lheure-de-la-hiloula-de-rabbi-haim-pinto\/\">Cliquez ici pour lire l&rsquo;article depuis sa source.<\/a><\/p>\n","protected":false},"excerpt":{"rendered":"<p>Essaouira- Plusieurs centaines de membres de la communaut\u00e9 marocaine de confession juive, issus des quatre coins du monde, se sont donn\u00e9s rendez-vous, jeudi soir \u00e0 Essaouira, pour c\u00e9l\u00e9brer, dans une ambiance de communion et de recueillement, la Hiloula du Saint Rabbi Ha\u00efm Pinto. Ce rendez-vous religieux, qui se tient annuellement dans la cit\u00e9 des Aliz\u00e9s, [&hellip;]<\/p>\n","protected":false},"author":1788,"featured_media":0,"comment_status":"closed","ping_status":"closed","sticky":false,"template":"","format":"standard","meta":{"fifu_image_url":"","fifu_image_alt":"","footnotes":""},"categories":[54,76],"tags":[],"class_list":["post-61746","post","type-post","status-publish","format-standard","hentry","category-maroc","category-regions"],"_links":{"self":[{"href":"https:\/\/linitiative.ca\/International\/wp-json\/wp\/v2\/posts\/61746","targetHints":{"allow":["GET"]}}],"collection":[{"href":"https:\/\/linitiative.ca\/International\/wp-json\/wp\/v2\/posts"}],"about":[{"href":"https:\/\/linitiative.ca\/International\/wp-json\/wp\/v2\/types\/post"}],"author":[{"embeddable":true,"href":"https:\/\/linitiative.ca\/International\/wp-json\/wp\/v2\/users\/1788"}],"replies":[{"embeddable":true,"href":"https:\/\/linitiative.ca\/International\/wp-json\/wp\/v2\/comments?post=61746"}],"version-history":[{"count":0,"href":"https:\/\/linitiative.ca\/International\/wp-json\/wp\/v2\/posts\/61746\/revisions"}],"wp:attachment":[{"href":"https:\/\/linitiative.ca\/International\/wp-json\/wp\/v2\/media?parent=61746"}],"wp:term":[{"taxonomy":"category","embeddable":true,"href":"https:\/\/linitiative.ca\/International\/wp-json\/wp\/v2\/categories?post=61746"},{"taxonomy":"post_tag","embeddable":true,"href":"https:\/\/linitiative.ca\/International\/wp-json\/wp\/v2\/tags?post=61746"}],"curies":[{"name":"wp","href":"https:\/\/api.w.org\/{rel}","templated":true}]}}