{"id":61748,"date":"2019-09-20T13:01:05","date_gmt":"2019-09-20T17:01:05","guid":{"rendered":"https:\/\/linitiative.ca\/International\/benguerir-les-avancees-liees-aux-smarts-grids-en-debat\/"},"modified":"2019-09-20T13:01:05","modified_gmt":"2019-09-20T17:01:05","slug":"benguerir-les-avancees-liees-aux-smarts-grids-en-debat","status":"publish","type":"post","link":"https:\/\/linitiative.ca\/International\/benguerir-les-avancees-liees-aux-smarts-grids-en-debat\/","title":{"rendered":"Bengu\u00e9rir: Les avanc\u00e9es li\u00e9es aux Smarts Grids en d\u00e9bat"},"content":{"rendered":"<div readability=\"37\">\n<p>Bengu\u00e9rir- Les participants \u00e0 la 2\u00e8me-\u00e9dition du Workshop sur les Smart Grids organis\u00e9e, vendredi \u00e0 Bengu\u00e9rir, ont soulign\u00e9 que les avanc\u00e9es technologiques dans le domaine des Smart-Grids (R\u00e9seaux intelligents) sont de nature \u00e0 permettre de mieux g\u00e9rer les r\u00e9seaux existants et d\u2019int\u00e9grer et profiter pleinement des \u00e9nergies renouvelables dans les r\u00e9seaux \u00e9lectriques.<\/p>\n<\/div>\n<div readability=\"123\">\n<p>Les intervenants dans le cadre de cette rencontre, organis\u00e9e sous le th\u00e8me \u00ab\u00a0La digitalisation et les \u00e9nergies renouvelables pour une gestion intelligente des r\u00e9seaux \u00e9lectriques\u00a0\u00bb, en marge de la comp\u00e9tition internationale Solar Decathlon Africa, ont \u00e9t\u00e9 unanimes \u00e0 souligner que ces avanc\u00e9es technologiques permettront aussi d\u2019int\u00e9grer des \u00e9l\u00e9ments nouveaux tels que la mobilit\u00e9 \u00e9lectrique, dans lesquels le consommateur classique devient un acteur important de cet \u00e9cosyst\u00e8me de l\u2019\u00e9nergie.<\/p>\n<p>Pour le directeur de l\u2019Institut de recherche en \u00e9nergie solaire et \u00e9nergies nouvelles (IRESEN), Badr Ikken, la ville de demain doit int\u00e9grer \u00e0 la fois les aspects relatifs \u00e0 l\u2019\u00e9cologie, les mat\u00e9riaux naturels, mais aussi ceux se rapportant \u00e0 l\u2019efficience \u00e9nerg\u00e9tique \u00e0 travers notamment les R\u00e9seaux intelligents, notant que la question des Smart-Grids s\u2019av\u00e8re d\u2019une grande importance \u00e0 la fois pour la ville marocaine et africaine de demain.<\/p>\n<p>Le pr\u00e9sident de la F\u00e9d\u00e9ration de l\u2019\u00e9nergie, Rachid Idrissi Kaitouni, a indiqu\u00e9 pour sa part, que le Maroc a int\u00e9gr\u00e9 cette ann\u00e9e, l\u2019alliance \u00ab\u00a0Mission Innovation\u00a0\u00bb et devient ainsi le premier pays africain et le 25\u00e8me membre de ce groupement international d\u2019innovation \u00e9nerg\u00e9tique.<\/p>\n<p>Cette adh\u00e9sion t\u00e9moigne du rayonnement international du Royaume sur les th\u00e8mes de la Recherche et D\u00e9veloppement et l\u2019innovation dans les \u00e9nergies renouvelables et dans l\u2019efficacit\u00e9 \u00e9nerg\u00e9tique, a-t-il insist\u00e9, relevant que le d\u00e9veloppement des \u00e9nergies renouvelables, en particulier la production d\u00e9centralis\u00e9e, et la probl\u00e9matique de l\u2019intermittence propre \u00e0 ce type de source d\u2019\u00e9nergie, induit de nouvelles techniques de gestion des r\u00e9seaux bas\u00e9es entre autres sur la digitalisation.<\/p>\n<p>Ce workshop a offert l\u2019opportunit\u00e9 pour la pr\u00e9sentation de plusieurs projets de recherches en cours dans ce domaine, dont celui de TAHALA Grid (Universit\u00e9 Cadi Ayyad, Marrakech), projet WIMECOM (MAScIR),\u00a0 projet SECRET (Universit\u00e9 Ibn Tofail, K\u00e9nitra) et management des syst\u00e8mes Micro-Grid (Universit\u00e9 Internationale de Rabat).<\/p>\n<p>Initi\u00e9 par la F\u00e9d\u00e9ration de l\u2019\u00e9nergie en partenariat avec l\u2019IRESEN, ce Workshop a pour objectifs de pr\u00e9senter les derni\u00e8res avanc\u00e9es technologiques dans le domaine de la gestion intelligente des r\u00e9seaux \u00e9lectriques, partager les exp\u00e9riences et les mod\u00e8les \u00e0 l\u2019\u00e9chelle nationale et internationale, identifier les challenges \u00e0 relever et proposer les solutions d\u2019int\u00e9gration des Smart-Grids dans les diff\u00e9rents secteurs socio-\u00e9conomiques du Maroc.<\/p>\n<p>Cette manifestation est le rendez-vous pour tous les acteurs nationaux et internationaux op\u00e9rant dans le domaine des Smart-Grid au Maroc, cherchant une source d\u2019inspiration et de partage d\u2019exp\u00e9riences, ainsi que des d\u00e9monstrations des meilleures pratiques et approches visionnaires par pays, villes et entreprises.<\/p>\n<p>La conf\u00e9rence a \u00e9t\u00e9 ax\u00e9e autour de plusieurs piliers, notamment, \u00ab\u00a0l\u2019innovation dans les Smart-Grids pour une meilleure transition \u00e9nerg\u00e9tique\u00a0\u00bb, \u00ab\u00a0Compteurs intelligents: les ambitions de l\u2019ONEE\u00a0\u00bb, \u00ab\u00a0Managements des syst\u00e8mes Micro-Grid\u00a0\u00bb, \u00ab\u00a0Smart Grid, comme \u00e9tant un outil primordial pour la transition \u00e9nerg\u00e9tique\u00a0\u00bb et \u00ab\u00a0Pilotage intelligent des r\u00e9seaux et T\u00e9l\u00e9-relev\u00e9 par CPL\u00a0\u00bb.<\/p>\n<p>Organis\u00e9 sous le Haut-Patronage de SM le Roi Mohammed VI, par l\u2019Universit\u00e9 Mohammed VI Polytechnique, l\u2019IRESEN, avec le soutien du Minist\u00e8re de l\u2019\u00c9nergie, des Mines et du D\u00e9veloppement Durable, le \u00ab\u00a0Solar Decathlon Africa\u00a0\u00bb repr\u00e9sente la plus grande comp\u00e9tition estudiantine au monde pendant laquelle plus de 1.200 \u00e9tudiants doivent concevoir et construire des maisonnettes intelligentes fonctionnant uniquement \u00e0 l\u2019\u00e9nergie solaire.<\/p>\n<p>Ces \u00e9tudiants repr\u00e9sentant 58 universit\u00e9s internationales, participent \u00e0 la conception, la construction puis l\u2019exploitation des maisons \u00e9nerg\u00e9tiquement autonomes, qui utilisent l\u2019\u00e9nergie solaire comme unique source d\u2019\u00e9nergie et sont \u00e9quip\u00e9es par des technologies qui permettent une efficacit\u00e9 \u00e9nerg\u00e9tique maximale.<\/p>\n<\/div>\n<p>Auteur: Mohammed KOURSI<br \/>\n<a href=\"http:\/\/www.mapmarrakech.ma\/fr\/benguerir-les-avancees-liees-aux-smarts-grids-en-debat\/\">Cliquez ici pour lire l&rsquo;article depuis sa source.<\/a><\/p>\n","protected":false},"excerpt":{"rendered":"<p>Bengu\u00e9rir- Les participants \u00e0 la 2\u00e8me-\u00e9dition du Workshop sur les Smart Grids organis\u00e9e, vendredi \u00e0 Bengu\u00e9rir, ont soulign\u00e9 que les avanc\u00e9es technologiques dans le domaine des Smart-Grids (R\u00e9seaux intelligents) sont de nature \u00e0 permettre de mieux g\u00e9rer les r\u00e9seaux existants et d\u2019int\u00e9grer et profiter pleinement des \u00e9nergies renouvelables dans les r\u00e9seaux \u00e9lectriques. Les intervenants dans [&hellip;]<\/p>\n","protected":false},"author":1788,"featured_media":0,"comment_status":"closed","ping_status":"closed","sticky":false,"template":"","format":"standard","meta":{"fifu_image_url":"","fifu_image_alt":"","footnotes":""},"categories":[54,76],"tags":[],"class_list":["post-61748","post","type-post","status-publish","format-standard","hentry","category-maroc","category-regions"],"_links":{"self":[{"href":"https:\/\/linitiative.ca\/International\/wp-json\/wp\/v2\/posts\/61748","targetHints":{"allow":["GET"]}}],"collection":[{"href":"https:\/\/linitiative.ca\/International\/wp-json\/wp\/v2\/posts"}],"about":[{"href":"https:\/\/linitiative.ca\/International\/wp-json\/wp\/v2\/types\/post"}],"author":[{"embeddable":true,"href":"https:\/\/linitiative.ca\/International\/wp-json\/wp\/v2\/users\/1788"}],"replies":[{"embeddable":true,"href":"https:\/\/linitiative.ca\/International\/wp-json\/wp\/v2\/comments?post=61748"}],"version-history":[{"count":0,"href":"https:\/\/linitiative.ca\/International\/wp-json\/wp\/v2\/posts\/61748\/revisions"}],"wp:attachment":[{"href":"https:\/\/linitiative.ca\/International\/wp-json\/wp\/v2\/media?parent=61748"}],"wp:term":[{"taxonomy":"category","embeddable":true,"href":"https:\/\/linitiative.ca\/International\/wp-json\/wp\/v2\/categories?post=61748"},{"taxonomy":"post_tag","embeddable":true,"href":"https:\/\/linitiative.ca\/International\/wp-json\/wp\/v2\/tags?post=61748"}],"curies":[{"name":"wp","href":"https:\/\/api.w.org\/{rel}","templated":true}]}}