{"id":61752,"date":"2019-09-20T08:14:08","date_gmt":"2019-09-20T12:14:08","guid":{"rendered":"https:\/\/linitiative.ca\/International\/tarik-sektioui-nouvel-entraineur-de-la-rsb\/"},"modified":"2019-09-20T08:14:08","modified_gmt":"2019-09-20T12:14:08","slug":"tarik-sektioui-nouvel-entraineur-de-la-rsb","status":"publish","type":"post","link":"https:\/\/linitiative.ca\/International\/tarik-sektioui-nouvel-entraineur-de-la-rsb\/","title":{"rendered":"Tarik Sektioui nouvel entra\u00eeneur de la RSB"},"content":{"rendered":"<div class=\"single-featured\"><img alt=\"\" data-src=\"http:\/\/www.mapoujda.ma\/map\/uploads\/2019\/09\/Tarik-Sektioui-nouvel-entra\u00eeneur-de-la-RSB-M750\u00d7430-DR.jpg\"\/><\/div>\n<div class=\"entry-content clearfix single-post-content\" readability=\"46\">\n<p class=\"c1\">La Renaissance sportive de Berkane (RSB) a annonc\u00e9 avoir recrut\u00e9 le Marocain Tarik Sektioui en tant que nouvel entra\u00eeneur avec un contrat de deux ans.<\/p>\n<p class=\"c1\">Tarik Sektioui prendra ses nouvelles fonctions d\u00e8s ce vendredi, pour pr\u00e9parer le match retour face au club ghan\u00e9en d\u2019Ashanti Gold au titre du premier tour de la coupe de la CAF (2019-2020), a indiqu\u00e9 le club sur sa page Facebook officielle.<\/p>\n<p class=\"c1\">La RSB s\u2019\u00e9tait inclin\u00e9e (3-2) face au Ghan\u00e9ens en match aller.<\/p>\n<p class=\"c1\">Ancien joueur de plusieurs clubs europ\u00e9ens comme l\u2019AZ Alkmaar (Pays-Bas) et Porto (Portugal), Tarik Sektioui a \u00e9galement \u00e0 son actif des exp\u00e9riences en tant qu\u2019entra\u00eeneur notamment du Maghreb Association Sportive de F\u00e8s (MAS) et du Moghreb Athletic de T\u00e9touan (MAT).<\/p>\n<\/div>\n<p>Auteur: Soufiane ELAHMAR<br \/>\n<a href=\"http:\/\/www.mapoujda.ma\/fr\/tarik-sektioui-nouvel-entraineur-de-la-rsb\/\">Cliquez ici pour lire l&rsquo;article depuis sa source.<\/a><\/p>\n","protected":false},"excerpt":{"rendered":"<p>La Renaissance sportive de Berkane (RSB) a annonc\u00e9 avoir recrut\u00e9 le Marocain Tarik Sektioui en tant que nouvel entra\u00eeneur avec un contrat de deux ans. Tarik Sektioui prendra ses nouvelles fonctions d\u00e8s ce vendredi, pour pr\u00e9parer le match retour face au club ghan\u00e9en d\u2019Ashanti Gold au titre du premier tour de la coupe de la [&hellip;]<\/p>\n","protected":false},"author":1788,"featured_media":61753,"comment_status":"closed","ping_status":"closed","sticky":false,"template":"","format":"standard","meta":{"fifu_image_url":"","fifu_image_alt":"","footnotes":""},"categories":[54,76],"tags":[],"class_list":["post-61752","post","type-post","status-publish","format-standard","has-post-thumbnail","hentry","category-maroc","category-regions"],"_links":{"self":[{"href":"https:\/\/linitiative.ca\/International\/wp-json\/wp\/v2\/posts\/61752","targetHints":{"allow":["GET"]}}],"collection":[{"href":"https:\/\/linitiative.ca\/International\/wp-json\/wp\/v2\/posts"}],"about":[{"href":"https:\/\/linitiative.ca\/International\/wp-json\/wp\/v2\/types\/post"}],"author":[{"embeddable":true,"href":"https:\/\/linitiative.ca\/International\/wp-json\/wp\/v2\/users\/1788"}],"replies":[{"embeddable":true,"href":"https:\/\/linitiative.ca\/International\/wp-json\/wp\/v2\/comments?post=61752"}],"version-history":[{"count":0,"href":"https:\/\/linitiative.ca\/International\/wp-json\/wp\/v2\/posts\/61752\/revisions"}],"wp:featuredmedia":[{"embeddable":true,"href":"https:\/\/linitiative.ca\/International\/wp-json\/"}],"wp:attachment":[{"href":"https:\/\/linitiative.ca\/International\/wp-json\/wp\/v2\/media?parent=61752"}],"wp:term":[{"taxonomy":"category","embeddable":true,"href":"https:\/\/linitiative.ca\/International\/wp-json\/wp\/v2\/categories?post=61752"},{"taxonomy":"post_tag","embeddable":true,"href":"https:\/\/linitiative.ca\/International\/wp-json\/wp\/v2\/tags?post=61752"}],"curies":[{"name":"wp","href":"https:\/\/api.w.org\/{rel}","templated":true}]}}