{"id":61755,"date":"2019-09-20T04:15:00","date_gmt":"2019-09-20T08:15:00","guid":{"rendered":"https:\/\/linitiative.ca\/International\/mission-francaise-le-patron-de-losui-au-maroc\/"},"modified":"2019-09-20T04:15:00","modified_gmt":"2019-09-20T08:15:00","slug":"mission-francaise-le-patron-de-losui-au-maroc","status":"publish","type":"post","link":"https:\/\/linitiative.ca\/International\/mission-francaise-le-patron-de-losui-au-maroc\/","title":{"rendered":"Mission fran\u00e7aise: Le patron de l\u2019OSUI au Maroc"},"content":{"rendered":"<p class=\"rtejustify\">Le directeur g\u00e9n\u00e9ral de la Mission la\u00efque fran\u00e7aise (OSUI), Jean-Christophe Deberre, sera en d\u00e9placement au Maroc, durant la semaine du 23 au 28 septembre. De passage \u00e0 Rabat et \u00e0 Casablanca, il encha\u00eenera les r\u00e9unions avec ses \u00e9quipes afin de faire le point sur la rentr\u00e9e.<\/p>\n<p class=\"rtejustify\"><em>A.Na<\/em><\/p>\n<p>Auteur: hlafriqi<br \/>\n<a href=\"https:\/\/www.leconomiste.com\/article\/1050427-mission-francaise-le-patron-de-l-osui-au-maroc\">Cliquez ici pour lire l&rsquo;article depuis sa source.<\/a><\/p>\n","protected":false},"excerpt":{"rendered":"<p>Le directeur g\u00e9n\u00e9ral de la Mission la\u00efque fran\u00e7aise (OSUI), Jean-Christophe Deberre, sera en d\u00e9placement au Maroc, durant la semaine du 23 au 28 septembre. De passage \u00e0 Rabat et \u00e0 Casablanca, il encha\u00eenera les r\u00e9unions avec ses \u00e9quipes afin de faire le point sur la rentr\u00e9e. A.Na Auteur: hlafriqi Cliquez ici pour lire l&rsquo;article depuis [&hellip;]<\/p>\n","protected":false},"author":1763,"featured_media":0,"comment_status":"closed","ping_status":"closed","sticky":false,"template":"","format":"standard","meta":{"fifu_image_url":"","fifu_image_alt":"","footnotes":""},"categories":[78,54],"tags":[],"class_list":["post-61755","post","type-post","status-publish","format-standard","hentry","category-economie","category-maroc"],"_links":{"self":[{"href":"https:\/\/linitiative.ca\/International\/wp-json\/wp\/v2\/posts\/61755","targetHints":{"allow":["GET"]}}],"collection":[{"href":"https:\/\/linitiative.ca\/International\/wp-json\/wp\/v2\/posts"}],"about":[{"href":"https:\/\/linitiative.ca\/International\/wp-json\/wp\/v2\/types\/post"}],"author":[{"embeddable":true,"href":"https:\/\/linitiative.ca\/International\/wp-json\/wp\/v2\/users\/1763"}],"replies":[{"embeddable":true,"href":"https:\/\/linitiative.ca\/International\/wp-json\/wp\/v2\/comments?post=61755"}],"version-history":[{"count":0,"href":"https:\/\/linitiative.ca\/International\/wp-json\/wp\/v2\/posts\/61755\/revisions"}],"wp:attachment":[{"href":"https:\/\/linitiative.ca\/International\/wp-json\/wp\/v2\/media?parent=61755"}],"wp:term":[{"taxonomy":"category","embeddable":true,"href":"https:\/\/linitiative.ca\/International\/wp-json\/wp\/v2\/categories?post=61755"},{"taxonomy":"post_tag","embeddable":true,"href":"https:\/\/linitiative.ca\/International\/wp-json\/wp\/v2\/tags?post=61755"}],"curies":[{"name":"wp","href":"https:\/\/api.w.org\/{rel}","templated":true}]}}