{"id":61757,"date":"2019-09-20T04:15:00","date_gmt":"2019-09-20T08:15:00","guid":{"rendered":"https:\/\/linitiative.ca\/International\/aeroport-mohammed-v-un-gouverneur-pour-mettre-de-lordre\/"},"modified":"2019-09-20T04:15:00","modified_gmt":"2019-09-20T08:15:00","slug":"aeroport-mohammed-v-un-gouverneur-pour-mettre-de-lordre","status":"publish","type":"post","link":"https:\/\/linitiative.ca\/International\/aeroport-mohammed-v-un-gouverneur-pour-mettre-de-lordre\/","title":{"rendered":"A\u00e9roport Mohammed V: Un gouverneur pour mettre de l\u2019ordre"},"content":{"rendered":"<p class=\"rtejustify\">Un gouverneur a \u00e9t\u00e9 nomm\u00e9 \u00e0 l\u2019a\u00e9roport Mohammed V pour r\u00e9tablir la mise en place de d\u00e9cisions strat\u00e9giques. Ce qui se traduit d\u00e9j\u00e0 par une prise en main plus ferme qui permettra \u00e0 l\u2019autorit\u00e9 portuaire et aux compagnies (\u00e0 leur t\u00eate RAM) de faire leur travail dans la s\u00e9r\u00e9nit\u00e9. Parmi les d\u00e9cisions prises, le limogeage de certains gr\u00e9vistes dans l\u2019activit\u00e9 Handling. Les gr\u00e9vistes remerci\u00e9s seront remplac\u00e9s par des retrait\u00e9s des Forces auxiliaires, en ce moment en formation \u00e0 Ben Slimane.<\/p>\n<p class=\"rtejustify\"><em>A.R.<\/em><\/p>\n<p>Auteur: hlafriqi<br \/>\n<a href=\"https:\/\/www.leconomiste.com\/article\/1050425-aeroport-mohammed-v-un-gouverneur-pour-mettre-de-l-ordre\">Cliquez ici pour lire l&rsquo;article depuis sa source.<\/a><\/p>\n","protected":false},"excerpt":{"rendered":"<p>Un gouverneur a \u00e9t\u00e9 nomm\u00e9 \u00e0 l\u2019a\u00e9roport Mohammed V pour r\u00e9tablir la mise en place de d\u00e9cisions strat\u00e9giques. Ce qui se traduit d\u00e9j\u00e0 par une prise en main plus ferme qui permettra \u00e0 l\u2019autorit\u00e9 portuaire et aux compagnies (\u00e0 leur t\u00eate RAM) de faire leur travail dans la s\u00e9r\u00e9nit\u00e9. Parmi les d\u00e9cisions prises, le limogeage [&hellip;]<\/p>\n","protected":false},"author":1763,"featured_media":0,"comment_status":"closed","ping_status":"closed","sticky":false,"template":"","format":"standard","meta":{"fifu_image_url":"","fifu_image_alt":"","footnotes":""},"categories":[78,54],"tags":[],"class_list":["post-61757","post","type-post","status-publish","format-standard","hentry","category-economie","category-maroc"],"_links":{"self":[{"href":"https:\/\/linitiative.ca\/International\/wp-json\/wp\/v2\/posts\/61757","targetHints":{"allow":["GET"]}}],"collection":[{"href":"https:\/\/linitiative.ca\/International\/wp-json\/wp\/v2\/posts"}],"about":[{"href":"https:\/\/linitiative.ca\/International\/wp-json\/wp\/v2\/types\/post"}],"author":[{"embeddable":true,"href":"https:\/\/linitiative.ca\/International\/wp-json\/wp\/v2\/users\/1763"}],"replies":[{"embeddable":true,"href":"https:\/\/linitiative.ca\/International\/wp-json\/wp\/v2\/comments?post=61757"}],"version-history":[{"count":0,"href":"https:\/\/linitiative.ca\/International\/wp-json\/wp\/v2\/posts\/61757\/revisions"}],"wp:attachment":[{"href":"https:\/\/linitiative.ca\/International\/wp-json\/wp\/v2\/media?parent=61757"}],"wp:term":[{"taxonomy":"category","embeddable":true,"href":"https:\/\/linitiative.ca\/International\/wp-json\/wp\/v2\/categories?post=61757"},{"taxonomy":"post_tag","embeddable":true,"href":"https:\/\/linitiative.ca\/International\/wp-json\/wp\/v2\/tags?post=61757"}],"curies":[{"name":"wp","href":"https:\/\/api.w.org\/{rel}","templated":true}]}}