{"id":61760,"date":"2019-09-20T15:14:01","date_gmt":"2019-09-20T19:14:01","guid":{"rendered":"https:\/\/linitiative.ca\/International\/pros-la-blessure-a-empeche-fares-de-rejoindre-linter-milan\/"},"modified":"2019-09-20T15:14:01","modified_gmt":"2019-09-20T19:14:01","slug":"pros-la-blessure-a-empeche-fares-de-rejoindre-linter-milan","status":"publish","type":"post","link":"https:\/\/linitiative.ca\/International\/pros-la-blessure-a-empeche-fares-de-rejoindre-linter-milan\/","title":{"rendered":"Pros : La blessure a emp\u00each\u00e9 Far\u00e8s de rejoindre l\u2019Inter Milan"},"content":{"rendered":"<div readability=\"32\">\n<p>Auteur : <span class=\"time\">vendredi 20 septembre 2019 18:57<\/span><\/p>\n<\/div>\n<div id=\"post_core\" readability=\"44\">\n<p>La blessure a emp\u00each\u00e9 le lat\u00e9ral gauche Alg\u00e9rien, Mohamed Far\u00e8s de rejoindre un grand de la S\u00e9rie A cet \u00e9t\u00e9. Le joueur Alg\u00e9rien de SPAL avait \u00e9t\u00e9 victime d\u2019une m\u00e9chante blessure le 8 aout dernier en amical. Une blessure qui la contraint de passer sur le billard et de s\u2019\u00e9loigner des terrains pendant de long mois. Selon le m\u00e9dia italien, Tuttomercatoweb, Far\u00e8s \u00e9tait la priorit\u00e9 de l\u2019entra\u00eeneur de l\u2019Inter Milan Antonio Conte. Une information confirm\u00e9e par le pr\u00e9sident de SPAL, Walter Mattioli. Ce dernier a pr\u00e9cis\u00e9 qu\u2019un accord a \u00e9t\u00e9 trouv\u00e9 entre les responsables des deux clubs, mais la blessure de Far\u00e8s a fait capoter le transfert. Le pr\u00e9sident de SPAL, Walter Mattioli a ajout\u00e9 que Far\u00e8s se gu\u00e9ri bien de sa blessure, esp\u00e9rant qu\u2019il reviendra en force \u00e0 la comp\u00e9tition. Rappelons que Far\u00e8s est sous contrat avec SPAL jusqu\u2019en 2022.<\/p>\n<p><strong>Publi\u00e9 dans :<\/strong> <span>inter milan<\/span> <span>Fares<\/span><\/p>\n<\/div>\n<p>Auteur:<br \/>\n<a href=\"http:\/\/www.lebuteur.com\/article\/detail?titre=la-blessure-a-empeche-fares-de-rejoindre-linter-milan&#038;id=91794&#038;utm_source=feedburner&#038;utm_medium=feed&#038;utm_campaign=Feed%3A+GalerieFArtciles+%28Les+derniers+articles++-+lebuteur.com%29\">Cliquez ici pour lire l&rsquo;article depuis sa source.<\/a><\/p>\n","protected":false},"excerpt":{"rendered":"<p>Auteur : vendredi 20 septembre 2019 18:57 La blessure a emp\u00each\u00e9 le lat\u00e9ral gauche Alg\u00e9rien, Mohamed Far\u00e8s de rejoindre un grand de la S\u00e9rie A cet \u00e9t\u00e9. Le joueur Alg\u00e9rien de SPAL avait \u00e9t\u00e9 victime d\u2019une m\u00e9chante blessure le 8 aout dernier en amical. Une blessure qui la contraint de passer sur le billard et [&hellip;]<\/p>\n","protected":false},"author":1738,"featured_media":61761,"comment_status":"closed","ping_status":"closed","sticky":false,"template":"","format":"standard","meta":{"fifu_image_url":"","fifu_image_alt":"","footnotes":""},"categories":[53,75],"tags":[],"class_list":["post-61760","post","type-post","status-publish","format-standard","has-post-thumbnail","hentry","category-algerie","category-sport"],"_links":{"self":[{"href":"https:\/\/linitiative.ca\/International\/wp-json\/wp\/v2\/posts\/61760","targetHints":{"allow":["GET"]}}],"collection":[{"href":"https:\/\/linitiative.ca\/International\/wp-json\/wp\/v2\/posts"}],"about":[{"href":"https:\/\/linitiative.ca\/International\/wp-json\/wp\/v2\/types\/post"}],"author":[{"embeddable":true,"href":"https:\/\/linitiative.ca\/International\/wp-json\/wp\/v2\/users\/1738"}],"replies":[{"embeddable":true,"href":"https:\/\/linitiative.ca\/International\/wp-json\/wp\/v2\/comments?post=61760"}],"version-history":[{"count":0,"href":"https:\/\/linitiative.ca\/International\/wp-json\/wp\/v2\/posts\/61760\/revisions"}],"wp:featuredmedia":[{"embeddable":true,"href":"https:\/\/linitiative.ca\/International\/wp-json\/"}],"wp:attachment":[{"href":"https:\/\/linitiative.ca\/International\/wp-json\/wp\/v2\/media?parent=61760"}],"wp:term":[{"taxonomy":"category","embeddable":true,"href":"https:\/\/linitiative.ca\/International\/wp-json\/wp\/v2\/categories?post=61760"},{"taxonomy":"post_tag","embeddable":true,"href":"https:\/\/linitiative.ca\/International\/wp-json\/wp\/v2\/tags?post=61760"}],"curies":[{"name":"wp","href":"https:\/\/api.w.org\/{rel}","templated":true}]}}