{"id":61762,"date":"2019-09-20T15:14:04","date_gmt":"2019-09-20T19:14:04","guid":{"rendered":"https:\/\/linitiative.ca\/International\/pros-el-melali-incertain-face-a-las-saint-etienne\/"},"modified":"2019-09-20T15:14:04","modified_gmt":"2019-09-20T19:14:04","slug":"pros-el-melali-incertain-face-a-las-saint-etienne","status":"publish","type":"post","link":"https:\/\/linitiative.ca\/International\/pros-el-melali-incertain-face-a-las-saint-etienne\/","title":{"rendered":"Pros : El Melali incertain face \u00e0 l\u2019AS Saint-Etienne"},"content":{"rendered":"<div readability=\"32\">\n<p>Auteur : <span class=\"time\">vendredi 20 septembre 2019 18:58<\/span><\/p>\n<\/div>\n<div id=\"post_core\" readability=\"39\">\n<p>L\u2019attaquant alg\u00e9rien d\u2019Angers, Farid El Melali est tr\u00e8s incertain pour le prochain match de son team en championnat contre l\u2019AS Saint-Etienne de Ryad Boudebouz. Selon la presse fran\u00e7aise, le joueur en question souffre d\u2019un d\u00e9but de tendinite au genou, il sera tr\u00e8s probablement absent une nouvelle fois avec les Angevins apr\u00e8s avoir rat\u00e9 le dernier match face \u00e0 Lille. Pour rappel, El Melali a r\u00e9alis\u00e9 un bon d\u00e9but de saison avec Angers en Ligue 1 avec \u00e0 la cl\u00e9 deux buts inscrits.<\/p>\n<p><strong>Publi\u00e9 dans :<\/strong> <span>El Melali<\/span><\/p>\n<\/div>\n<p>Auteur:<br \/>\n<a href=\"http:\/\/www.lebuteur.com\/article\/detail?titre=el-melali-incertain-face-a-las-saint-etienne&#038;id=91795&#038;utm_source=feedburner&#038;utm_medium=feed&#038;utm_campaign=Feed%3A+GalerieFArtciles+%28Les+derniers+articles++-+lebuteur.com%29\">Cliquez ici pour lire l&rsquo;article depuis sa source.<\/a><\/p>\n","protected":false},"excerpt":{"rendered":"<p>Auteur : vendredi 20 septembre 2019 18:58 L\u2019attaquant alg\u00e9rien d\u2019Angers, Farid El Melali est tr\u00e8s incertain pour le prochain match de son team en championnat contre l\u2019AS Saint-Etienne de Ryad Boudebouz. Selon la presse fran\u00e7aise, le joueur en question souffre d\u2019un d\u00e9but de tendinite au genou, il sera tr\u00e8s probablement absent une nouvelle fois avec [&hellip;]<\/p>\n","protected":false},"author":1738,"featured_media":61763,"comment_status":"closed","ping_status":"closed","sticky":false,"template":"","format":"standard","meta":{"fifu_image_url":"","fifu_image_alt":"","footnotes":""},"categories":[53,75],"tags":[],"class_list":["post-61762","post","type-post","status-publish","format-standard","has-post-thumbnail","hentry","category-algerie","category-sport"],"_links":{"self":[{"href":"https:\/\/linitiative.ca\/International\/wp-json\/wp\/v2\/posts\/61762","targetHints":{"allow":["GET"]}}],"collection":[{"href":"https:\/\/linitiative.ca\/International\/wp-json\/wp\/v2\/posts"}],"about":[{"href":"https:\/\/linitiative.ca\/International\/wp-json\/wp\/v2\/types\/post"}],"author":[{"embeddable":true,"href":"https:\/\/linitiative.ca\/International\/wp-json\/wp\/v2\/users\/1738"}],"replies":[{"embeddable":true,"href":"https:\/\/linitiative.ca\/International\/wp-json\/wp\/v2\/comments?post=61762"}],"version-history":[{"count":0,"href":"https:\/\/linitiative.ca\/International\/wp-json\/wp\/v2\/posts\/61762\/revisions"}],"wp:featuredmedia":[{"embeddable":true,"href":"https:\/\/linitiative.ca\/International\/wp-json\/"}],"wp:attachment":[{"href":"https:\/\/linitiative.ca\/International\/wp-json\/wp\/v2\/media?parent=61762"}],"wp:term":[{"taxonomy":"category","embeddable":true,"href":"https:\/\/linitiative.ca\/International\/wp-json\/wp\/v2\/categories?post=61762"},{"taxonomy":"post_tag","embeddable":true,"href":"https:\/\/linitiative.ca\/International\/wp-json\/wp\/v2\/tags?post=61762"}],"curies":[{"name":"wp","href":"https:\/\/api.w.org\/{rel}","templated":true}]}}