{"id":61768,"date":"2019-09-20T15:14:08","date_gmt":"2019-09-20T19:14:08","guid":{"rendered":"https:\/\/linitiative.ca\/International\/international-real-mourinho-pour-remplacer-zidane-linteresse-repond\/"},"modified":"2019-09-20T15:14:08","modified_gmt":"2019-09-20T19:14:08","slug":"international-real-mourinho-pour-remplacer-zidane-linteresse-repond","status":"publish","type":"post","link":"https:\/\/linitiative.ca\/International\/international-real-mourinho-pour-remplacer-zidane-linteresse-repond\/","title":{"rendered":"International : Real : Mourinho pour remplacer Zidane ? L&rsquo;int\u00e9ress\u00e9 r\u00e9pond"},"content":{"rendered":"<div readability=\"32\">\n<p>Auteur : <span class=\"time\">vendredi 20 septembre 2019 19:44<\/span><\/p>\n<\/div>\n<div id=\"post_core\" readability=\"52\">\n<p>En Espagne, de nombreuses rumeurs \u00e9voquent un d\u00e9part du technicien fran\u00e7ais afin de permettre le retour de Jos\u00e9 Mourinho. Mais le Portugais a tenu \u00e0 r\u00e9aliser une mise au point.<\/p>\n<p>\u00ab\u00a0Il y a deux types de rumeurs. La premi\u00e8re, \u00e7a parle de Zidane, qui est l&rsquo;un des n\u00f4tres, et \u00e7a arrive \u00e0 tout le monde d&rsquo;avoir des moments difficiles dans nos \u00e9quipes. Il faut vivre avec. Depuis le d\u00e9but de sa vie, Zidane se trouve dans le foot et il sait comme \u00e7a se passe. Mais il y a une seconde rumeur, avec mon nom. Et je n&rsquo;aime pas \u00e7a. Il y a des probl\u00e8mes dans plusieurs clubs, mais il faut avoir du respect. Non, je n&rsquo;aimerais pas revenir au Real car il y a d\u00e9j\u00e0 un entra\u00eeneur et je ne peux donc pas diriger une \u00e9quipe avec un coach. Puis actuellement, le Real est deuxi\u00e8me ou troisi\u00e8me en Liga (3e, ndlr) non ? Et tout proche du leader (2 points, ndlr). Ce n&rsquo;est pas si mal\u00a0\u00bb, a relativis\u00e9 Mourinho pour la Cuatro et comme le rapporte Maxifoot.<\/p>\n<p><strong>Publi\u00e9 dans :<\/strong> <span>real madrid<\/span><\/p>\n<\/div>\n<p>Auteur:<br \/>\n<a href=\"http:\/\/www.lebuteur.com\/article\/detail?titre=real-mourinho-pour-remplacer-zidane-linteresse-repond&#038;id=91798&#038;utm_source=feedburner&#038;utm_medium=feed&#038;utm_campaign=Feed%3A+GalerieFArtciles+%28Les+derniers+articles++-+lebuteur.com%29\">Cliquez ici pour lire l&rsquo;article depuis sa source.<\/a><\/p>\n","protected":false},"excerpt":{"rendered":"<p>Auteur : vendredi 20 septembre 2019 19:44 En Espagne, de nombreuses rumeurs \u00e9voquent un d\u00e9part du technicien fran\u00e7ais afin de permettre le retour de Jos\u00e9 Mourinho. Mais le Portugais a tenu \u00e0 r\u00e9aliser une mise au point. \u00ab\u00a0Il y a deux types de rumeurs. La premi\u00e8re, \u00e7a parle de Zidane, qui est l&rsquo;un des n\u00f4tres, [&hellip;]<\/p>\n","protected":false},"author":1738,"featured_media":61769,"comment_status":"closed","ping_status":"closed","sticky":false,"template":"","format":"standard","meta":{"fifu_image_url":"","fifu_image_alt":"","footnotes":""},"categories":[53,75],"tags":[],"class_list":["post-61768","post","type-post","status-publish","format-standard","has-post-thumbnail","hentry","category-algerie","category-sport"],"_links":{"self":[{"href":"https:\/\/linitiative.ca\/International\/wp-json\/wp\/v2\/posts\/61768","targetHints":{"allow":["GET"]}}],"collection":[{"href":"https:\/\/linitiative.ca\/International\/wp-json\/wp\/v2\/posts"}],"about":[{"href":"https:\/\/linitiative.ca\/International\/wp-json\/wp\/v2\/types\/post"}],"author":[{"embeddable":true,"href":"https:\/\/linitiative.ca\/International\/wp-json\/wp\/v2\/users\/1738"}],"replies":[{"embeddable":true,"href":"https:\/\/linitiative.ca\/International\/wp-json\/wp\/v2\/comments?post=61768"}],"version-history":[{"count":0,"href":"https:\/\/linitiative.ca\/International\/wp-json\/wp\/v2\/posts\/61768\/revisions"}],"wp:featuredmedia":[{"embeddable":true,"href":"https:\/\/linitiative.ca\/International\/wp-json\/"}],"wp:attachment":[{"href":"https:\/\/linitiative.ca\/International\/wp-json\/wp\/v2\/media?parent=61768"}],"wp:term":[{"taxonomy":"category","embeddable":true,"href":"https:\/\/linitiative.ca\/International\/wp-json\/wp\/v2\/categories?post=61768"},{"taxonomy":"post_tag","embeddable":true,"href":"https:\/\/linitiative.ca\/International\/wp-json\/wp\/v2\/tags?post=61768"}],"curies":[{"name":"wp","href":"https:\/\/api.w.org\/{rel}","templated":true}]}}