{"id":61779,"date":"2019-09-20T13:13:00","date_gmt":"2019-09-20T17:13:00","guid":{"rendered":"https:\/\/linitiative.ca\/International\/presidentielle-10-postulants-a-la-candidature-ont-retire-les-formulaires\/"},"modified":"2019-09-20T13:13:00","modified_gmt":"2019-09-20T17:13:00","slug":"presidentielle-10-postulants-a-la-candidature-ont-retire-les-formulaires","status":"publish","type":"post","link":"https:\/\/linitiative.ca\/International\/presidentielle-10-postulants-a-la-candidature-ont-retire-les-formulaires\/","title":{"rendered":"PRESIDENTIELLE : 10 postulants \u00e0 la candidature ont retir\u00e9 les formulaires"},"content":{"rendered":"<p><br id=\"sep_para_1\" class=\"sep_para access\"\/><\/p>\n<div id=\"para_1\" class=\"para_33083268 resize\">\n<div class=\"photo shadow left\"><a href=\"javascript:void(0)\" rel=\"https:\/\/www.reflexiondz.net\/photo\/art\/grande\/37476080-33083268.jpg?v=1569001393&#038;ibox\" title=\"PRESIDENTIELLE : 10 postulants \u00e0 la candidature ont retir\u00e9 les formulaires\"><img decoding=\"async\" class=\"responsive c9\" src=\"https:\/\/www.reflexiondz.net\/photo\/art\/grande\/37476080-33083268.jpg?v=1569001393\" alt=\"PRESIDENTIELLE : 10 postulants \u00e0 la candidature ont retir\u00e9 les formulaires\" title=\"PRESIDENTIELLE : 10 postulants \u00e0 la candidature ont retir\u00e9 les formulaires\"\/><img decoding=\"async\" class=\"not-responsive\" src=\"https:\/\/www.reflexiondz.net\/photo\/art\/default\/37476080-33083268.jpg?v=1569001395\" alt=\"PRESIDENTIELLE : 10 postulants \u00e0 la candidature ont retir\u00e9 les formulaires\" title=\"PRESIDENTIELLE : 10 postulants \u00e0 la candidature ont retir\u00e9 les formulaires\"\/><\/a><\/div>\n<div class=\"texte access firstletter\">Dix (10) postulants \u00e0 la candidature pour l`\u00e9lection pr\u00e9sidentielle du 12 d\u00e9cembre prochain ont retir\u00e9, jusqu\u2019\u00e0 ce jeudi, les formulaires de souscription de signatures individuelles, a indiqu\u00e9 le charg\u00e9 de Communication au niveau de l\u2019Autorit\u00e9 nationale ind\u00e9pendante des \u00e9lections, Ali Dra\u00e2. \u00ab Parmi ces postulants \u00e0 la candidature pour la Pr\u00e9sidentielle du 12 d\u00e9cembre, figurent des repr\u00e9sentants de partis et des ind\u00e9pendants \u00bb, a d\u00e9clar\u00e9 M. Dra\u00e2 \u00e0 l\u2019APS. La nouvelle loi organique relative au r\u00e9gime \u00e9lectoral stipule que le candidat \u00e0 la pr\u00e9sidentielle doit pr\u00e9senter une liste comportant cinquante-mille (50.000) signatures individuelles au moins, d\u2019\u00e9lecteurs inscrits sur une liste \u00e9lectorale. Ces signatures doivent \u00eatre recueillies \u00e0 travers au moins 25 wilayas. Le nombre minimal des signatures exig\u00e9es pour chacune des wilayas ne saurait \u00eatre inf\u00e9rieur \u00e0 1.200. Le candidat \u00e0 la Pr\u00e9sidence de la R\u00e9publique doit d\u00e9poser une demande d\u2019enregistrement aupr\u00e8s du pr\u00e9sident de cette Autorit\u00e9, selon cette nouvelle loi exigeant au candidat de joindre \u00e0 son dossier de candidature qui doit \u00eatre\u00a0 d\u00e9pos\u00e9 par lui-m\u00eame aupr\u00e8s de l\u2019instance, plusieurs documents dont un dipl\u00f4me universitaire ou un dipl\u00f4me \u00e9quivalent et un certificat de nationalit\u00e9 alg\u00e9rienne d\u2019origine. L\u2019Autorit\u00e9 nationale ind\u00e9pendante des \u00e9lections a pour mission\u00a0 d\u2019organiser, de surveiller le processus \u00e9lectoral et de superviser toutes ses \u00e9tapes, depuis la convocation du corps \u00e9lectoral jusqu\u2019\u00e0 l\u2019annonce des r\u00e9sultats pr\u00e9liminaires \u00bb.\u00a0\u00a0<\/div>\n<\/div>\n<p>Auteur: Nadine<br \/>\n<a href=\"https:\/\/www.reflexiondz.net\/PRESIDENTIELLE-10-postulants-a-la-candidature-ont-retire-les-formulaires_a57726.html\">Cliquez ici pour lire l&rsquo;article depuis sa source.<\/a><\/p>\n","protected":false},"excerpt":{"rendered":"<p>Dix (10) postulants \u00e0 la candidature pour l`\u00e9lection pr\u00e9sidentielle du 12 d\u00e9cembre prochain ont retir\u00e9, jusqu\u2019\u00e0 ce jeudi, les formulaires de souscription de signatures individuelles, a indiqu\u00e9 le charg\u00e9 de Communication au niveau de l\u2019Autorit\u00e9 nationale ind\u00e9pendante des \u00e9lections, Ali Dra\u00e2. \u00ab Parmi ces postulants \u00e0 la candidature pour la Pr\u00e9sidentielle du 12 d\u00e9cembre, figurent [&hellip;]<\/p>\n","protected":false},"author":1740,"featured_media":0,"comment_status":"closed","ping_status":"closed","sticky":false,"template":"","format":"standard","meta":{"fifu_image_url":"","fifu_image_alt":"","footnotes":""},"categories":[53,76],"tags":[],"class_list":["post-61779","post","type-post","status-publish","format-standard","hentry","category-algerie","category-regions"],"_links":{"self":[{"href":"https:\/\/linitiative.ca\/International\/wp-json\/wp\/v2\/posts\/61779","targetHints":{"allow":["GET"]}}],"collection":[{"href":"https:\/\/linitiative.ca\/International\/wp-json\/wp\/v2\/posts"}],"about":[{"href":"https:\/\/linitiative.ca\/International\/wp-json\/wp\/v2\/types\/post"}],"author":[{"embeddable":true,"href":"https:\/\/linitiative.ca\/International\/wp-json\/wp\/v2\/users\/1740"}],"replies":[{"embeddable":true,"href":"https:\/\/linitiative.ca\/International\/wp-json\/wp\/v2\/comments?post=61779"}],"version-history":[{"count":0,"href":"https:\/\/linitiative.ca\/International\/wp-json\/wp\/v2\/posts\/61779\/revisions"}],"wp:attachment":[{"href":"https:\/\/linitiative.ca\/International\/wp-json\/wp\/v2\/media?parent=61779"}],"wp:term":[{"taxonomy":"category","embeddable":true,"href":"https:\/\/linitiative.ca\/International\/wp-json\/wp\/v2\/categories?post=61779"},{"taxonomy":"post_tag","embeddable":true,"href":"https:\/\/linitiative.ca\/International\/wp-json\/wp\/v2\/tags?post=61779"}],"curies":[{"name":"wp","href":"https:\/\/api.w.org\/{rel}","templated":true}]}}