{"id":61781,"date":"2019-09-20T13:24:00","date_gmt":"2019-09-20T17:24:00","guid":{"rendered":"https:\/\/linitiative.ca\/International\/tiaret-un-individu-ecroue-pour-atteinte-a-la-securite-de-letat\/"},"modified":"2019-09-20T13:24:00","modified_gmt":"2019-09-20T17:24:00","slug":"tiaret-un-individu-ecroue-pour-atteinte-a-la-securite-de-letat","status":"publish","type":"post","link":"https:\/\/linitiative.ca\/International\/tiaret-un-individu-ecroue-pour-atteinte-a-la-securite-de-letat\/","title":{"rendered":"TIARET : Un individu \u00e9crou\u00e9 pour atteinte \u00e0 la s\u00e9curit\u00e9 de l\u2019Etat"},"content":{"rendered":"<p><br id=\"sep_para_1\" class=\"sep_para access\"\/><\/p>\n<div id=\"para_1\" class=\"para_33083379 resize\">\n<div class=\"photo shadow left\"><a href=\"javascript:void(0)\" rel=\"https:\/\/www.reflexiondz.net\/photo\/art\/grande\/37476266-33083379.jpg?v=1569001451&#038;ibox\" title=\"TIARET : Un individu \u00e9crou\u00e9 pour atteinte \u00e0 la s\u00e9curit\u00e9 de l\u2019Etat\"><img decoding=\"async\" class=\"responsive c9\" src=\"https:\/\/www.reflexiondz.net\/photo\/art\/grande\/37476266-33083379.jpg?v=1569001451\" alt=\"TIARET : Un individu \u00e9crou\u00e9 pour atteinte \u00e0 la s\u00e9curit\u00e9 de l\u2019Etat\" title=\"TIARET : Un individu \u00e9crou\u00e9 pour atteinte \u00e0 la s\u00e9curit\u00e9 de l\u2019Etat\"\/><img decoding=\"async\" class=\"not-responsive\" src=\"https:\/\/www.reflexiondz.net\/photo\/art\/default\/37476266-33083379.jpg?v=1569001453\" alt=\"TIARET : Un individu \u00e9crou\u00e9 pour atteinte \u00e0 la s\u00e9curit\u00e9 de l\u2019Etat\" title=\"TIARET : Un individu \u00e9crou\u00e9 pour atteinte \u00e0 la s\u00e9curit\u00e9 de l\u2019Etat\"\/><\/a><\/div>\n<div class=\"texte access firstletter\">Le mercredi, 18 septembre 2019, le magistrat-instructeur, pr\u00e8s le tribunal de Tiaret, a ordonn\u00e9 la mise sous mandat de d\u00e9p\u00f4t du d\u00e9nomm\u00e9 S.M, \u00e2g\u00e9 de 45 ans, retenant contre sa personne, le grief de diffusion de publications portant atteinte \u00e0 la s\u00e9curit\u00e9 de l&rsquo;tat, sur sa page Facebook, apprend-on aupr\u00e8s d&rsquo;une source proche du parquet de Tiaret. En effet, cet activiste a \u00e9t\u00e9 arr\u00eat\u00e9 par les \u00e9l\u00e9ments de la police judiciaire, relevant de la s\u00fbret\u00e9 de wilaya de Tiaret, tout \u00e0 noter que sa page Facebook, \u00e9tait \u00e9troitement surveill\u00e9e par la brigade cybercriminalit\u00e9 et aussi certains milieux s\u00e9curitaires, pr\u00e9cise notre source .\u00a0\u00a0\u00a0\u00a0\u00a0\u00a0\u00a0<\/div>\n<\/div>\n<p>Auteur: A. Benrebiha<br \/>\n<a href=\"https:\/\/www.reflexiondz.net\/TIARET-Un-individu-ecroue-pour-atteinte-a-la-securite-de-l-Etat_a57728.html\">Cliquez ici pour lire l&rsquo;article depuis sa source.<\/a><\/p>\n","protected":false},"excerpt":{"rendered":"<p>Le mercredi, 18 septembre 2019, le magistrat-instructeur, pr\u00e8s le tribunal de Tiaret, a ordonn\u00e9 la mise sous mandat de d\u00e9p\u00f4t du d\u00e9nomm\u00e9 S.M, \u00e2g\u00e9 de 45 ans, retenant contre sa personne, le grief de diffusion de publications portant atteinte \u00e0 la s\u00e9curit\u00e9 de l&rsquo;tat, sur sa page Facebook, apprend-on aupr\u00e8s d&rsquo;une source proche du parquet [&hellip;]<\/p>\n","protected":false},"author":1740,"featured_media":0,"comment_status":"closed","ping_status":"closed","sticky":false,"template":"","format":"standard","meta":{"fifu_image_url":"","fifu_image_alt":"","footnotes":""},"categories":[53,76],"tags":[],"class_list":["post-61781","post","type-post","status-publish","format-standard","hentry","category-algerie","category-regions"],"_links":{"self":[{"href":"https:\/\/linitiative.ca\/International\/wp-json\/wp\/v2\/posts\/61781","targetHints":{"allow":["GET"]}}],"collection":[{"href":"https:\/\/linitiative.ca\/International\/wp-json\/wp\/v2\/posts"}],"about":[{"href":"https:\/\/linitiative.ca\/International\/wp-json\/wp\/v2\/types\/post"}],"author":[{"embeddable":true,"href":"https:\/\/linitiative.ca\/International\/wp-json\/wp\/v2\/users\/1740"}],"replies":[{"embeddable":true,"href":"https:\/\/linitiative.ca\/International\/wp-json\/wp\/v2\/comments?post=61781"}],"version-history":[{"count":0,"href":"https:\/\/linitiative.ca\/International\/wp-json\/wp\/v2\/posts\/61781\/revisions"}],"wp:attachment":[{"href":"https:\/\/linitiative.ca\/International\/wp-json\/wp\/v2\/media?parent=61781"}],"wp:term":[{"taxonomy":"category","embeddable":true,"href":"https:\/\/linitiative.ca\/International\/wp-json\/wp\/v2\/categories?post=61781"},{"taxonomy":"post_tag","embeddable":true,"href":"https:\/\/linitiative.ca\/International\/wp-json\/wp\/v2\/tags?post=61781"}],"curies":[{"name":"wp","href":"https:\/\/api.w.org\/{rel}","templated":true}]}}