{"id":61786,"date":"2019-09-20T15:41:14","date_gmt":"2019-09-20T19:41:14","guid":{"rendered":"https:\/\/linitiative.ca\/International\/tizi-ouzou-une-maree-humaine-dans-la-rue\/"},"modified":"2019-09-20T15:41:14","modified_gmt":"2019-09-20T19:41:14","slug":"tizi-ouzou-une-maree-humaine-dans-la-rue","status":"publish","type":"post","link":"https:\/\/linitiative.ca\/International\/tizi-ouzou-une-maree-humaine-dans-la-rue\/","title":{"rendered":"Tizi Ouzou : Une mar\u00e9e humaine dans la rue"},"content":{"rendered":"<p>L\u2019instruction donn\u00e9e par le g\u00e9n\u00e9ral Ahmed-Ga\u00efd Salah \u00e0 la gendarmerie d\u2019interdire l\u2019acc\u00e8s \u00e0 la capitale aux non-r\u00e9sidents d\u2019Alger afin de les emp\u00eacher d\u2019y prendre part \u00e0 la manifestation du vendredi a suscit\u00e9 un toll\u00e9 aupr\u00e8s de la population.<\/p>\n<p>C\u2019est aussi la raison pour laquelle une v\u00e9ritable mar\u00e9e humaine a d\u00e9ferl\u00e9, hier, soit au 31e vendredi cons\u00e9cutif, sur la capitale du Djurdjura. Selon de nombreux observateurs, le nombre de manifestants ce vendredi \u00e0 Tizi-Ouzou a \u00e9t\u00e9 au moins deux fois sup\u00e9rieur \u00e0 celui des marches pr\u00e9c\u00e9dentes. La marche d\u2019hier \u00e9tait effectivement exceptionnelle tant en nombre de personnes qu\u2019en slogans, et pleine d\u2019\u00e9motion. Cette marche m\u00e9morable a \u00e9t\u00e9 comme d\u2019habitude empreinte de pacifisme. Pas le moindre incident ne l\u2019a \u00e9maill\u00e9e depuis son d\u00e9but \u00e0 partir du portail du campus universitaire Hasnaoua jusqu\u2019\u00e0 sa fin, au niveau de la place de l\u2019Olivier.<\/p>\n<p>Les slogans scand\u00e9s ou mentionn\u00e9s sur des banderoles et des pancartes ont \u00e9t\u00e9 naturellement fort nombreux. Il va sans dire que le chef d\u2019\u00e9tat-major a \u00e9t\u00e9 \u00ab\u00a0bombard\u00e9\u00a0\u00bb de slogans hostiles. S\u2019agissant d\u2019autres slogans scand\u00e9s en ch\u0153ur, en voici certains\u00a0: \u00ab\u00a0Ulac l\u2019vote ulac\u00a0! (pas de vote\u00a0\u00bb, \u00ab\u00a0Ildjayriyine dhimazighens\u00a0! les Alg\u00e9riens sont des Amazighs)\u00a0\u00bb, \u00ab\u00a0Pouvoir assassin\u00a0!\u00a0\u00bb, \u00ab\u00a0Les g\u00e9n\u00e9raux \u00e0 la poubelle\u00a0!\u00a0\u00bb, \u00ab\u00a0dawla madania machi a\u00e2skaria\u00a0! (un Etat civil et non militaire)\u00a0\u00bb, \u00ab\u00a0Lib\u00e9rez les d\u00e9tenus politiques\u00a0!\u00a0\u00bb et \u00ab\u00a0Pour une transition d\u00e9mocratique\u00a0!\u00a0\u00bb. Le slogans arbor\u00e9s sont notamment\u00a0: \u00ab\u00a0Nous accepterons d\u2019aller tous en prison, mais pas aux \u00e9lections\u00a0!\u00a0\u00bb, \u00ab\u00a0Une Assembl\u00e9e constituante souveraine\u00a0!\u00a0\u00bb, \u00ab\u00a0La parole au peuple\u00a0! le peuple est source de souverainet\u00e9\u00a0!\u00a0\u00bb, \u00ab\u00a0Pour un Etat civil et non militaire\u00a0!\u00a0\u00bb, \u00ab\u00a0Non aux \u00e9lections du 12 d\u00e9cembre\u00a0!\u00a0\u00bb, \u00ab\u00a0Lib\u00e9rez les d\u00e9tenus politiques et d\u2019opinion\u00a0!\u00a0\u00bb et \u00ab\u00a0On veut une transition d\u00e9mocratique et souveraine pour une Assembl\u00e9e constituante\u00a0!\u00a0\u00bb.<\/p>\n<p>Pour amplifier leurs voix, les manifestants ont utilis\u00e9 une multitude d\u2019appareils de sonorisation. Par ailleurs, certains carr\u00e9s de manifestants ont exhib\u00e9 des portraits de personnalit\u00e9s politiques connues, \u00e0 l\u2019instar de feu Hocine A\u00eft-Ahmed et de Karim Tabbou, ainsi que des jeunes gens arr\u00eat\u00e9s \u00e0 Alger et incarc\u00e9r\u00e9s \u00e0 la prison d\u2019El Harrach pour avoir port\u00e9 le drapeau amazigh. Concernant le drapeau, ceux aux couleurs nationales officielles et amazigh ont \u00e9t\u00e9 arbor\u00e9s l\u2019occasion de cette manifestation par des milliers de personnes. Bon nombre de manifestants ont port\u00e9 les deux drapeaux en m\u00eame temps, et ce, en les fixant \u00e0 une longue perche. En d\u00e9finitive, les femmes et les hommes de la wilaya de Tizi-Ouzou ont exprim\u00e9, encore une fois, hier leur volont\u00e9 de poursuivre leur combat jusqu\u2019\u00e0 la satisfaction de leur revendication, \u00e0 savoir l\u2019instauration d\u2019une deuxi\u00e8me R\u00e9publique.<\/p>\n<p>Auteur: Boudjedri<br \/>\n<a href=\"http:\/\/www.jeune-independant.net\/Tizi-Ouzou-Une-maree-humaine-dans-22282.html\">Cliquez ici pour lire l&rsquo;article depuis sa source.<\/a><\/p>\n","protected":false},"excerpt":{"rendered":"<p>L\u2019instruction donn\u00e9e par le g\u00e9n\u00e9ral Ahmed-Ga\u00efd Salah \u00e0 la gendarmerie d\u2019interdire l\u2019acc\u00e8s \u00e0 la capitale aux non-r\u00e9sidents d\u2019Alger afin de les emp\u00eacher d\u2019y prendre part \u00e0 la manifestation du vendredi a suscit\u00e9 un toll\u00e9 aupr\u00e8s de la population. C\u2019est aussi la raison pour laquelle une v\u00e9ritable mar\u00e9e humaine a d\u00e9ferl\u00e9, hier, soit au 31e vendredi [&hellip;]<\/p>\n","protected":false},"author":1737,"featured_media":0,"comment_status":"closed","ping_status":"closed","sticky":false,"template":"","format":"standard","meta":{"fifu_image_url":"","fifu_image_alt":"","footnotes":""},"categories":[73,53],"tags":[],"class_list":["post-61786","post","type-post","status-publish","format-standard","hentry","category-actualite","category-algerie"],"_links":{"self":[{"href":"https:\/\/linitiative.ca\/International\/wp-json\/wp\/v2\/posts\/61786","targetHints":{"allow":["GET"]}}],"collection":[{"href":"https:\/\/linitiative.ca\/International\/wp-json\/wp\/v2\/posts"}],"about":[{"href":"https:\/\/linitiative.ca\/International\/wp-json\/wp\/v2\/types\/post"}],"author":[{"embeddable":true,"href":"https:\/\/linitiative.ca\/International\/wp-json\/wp\/v2\/users\/1737"}],"replies":[{"embeddable":true,"href":"https:\/\/linitiative.ca\/International\/wp-json\/wp\/v2\/comments?post=61786"}],"version-history":[{"count":0,"href":"https:\/\/linitiative.ca\/International\/wp-json\/wp\/v2\/posts\/61786\/revisions"}],"wp:attachment":[{"href":"https:\/\/linitiative.ca\/International\/wp-json\/wp\/v2\/media?parent=61786"}],"wp:term":[{"taxonomy":"category","embeddable":true,"href":"https:\/\/linitiative.ca\/International\/wp-json\/wp\/v2\/categories?post=61786"},{"taxonomy":"post_tag","embeddable":true,"href":"https:\/\/linitiative.ca\/International\/wp-json\/wp\/v2\/tags?post=61786"}],"curies":[{"name":"wp","href":"https:\/\/api.w.org\/{rel}","templated":true}]}}