{"id":61789,"date":"2019-09-20T11:36:08","date_gmt":"2019-09-20T15:36:08","guid":{"rendered":"https:\/\/linitiative.ca\/International\/tlemcen-a-bas-la-dictature\/"},"modified":"2019-09-20T11:36:08","modified_gmt":"2019-09-20T15:36:08","slug":"tlemcen-a-bas-la-dictature","status":"publish","type":"post","link":"https:\/\/linitiative.ca\/International\/tlemcen-a-bas-la-dictature\/","title":{"rendered":"Tlemcen : \u00ab A Bas la dictature ! \u00bb"},"content":{"rendered":"<h4 class=\"title-14\"\/>\n<div class=\"featured_image\"><img width=\"960\" height=\"720\" data-cfsrc=\"https:\/\/www.elwatan.com\/wp-content\/uploads\/2019\/09\/Tlemcen-31e-vendredi.jpg\" class=\"attachment-post-thumbnail size-post-thumbnail wp-post-image c2\" alt=\"Tlemcen : \u00ab A Bas la dictature ! \u00bb\" srcset=\"https:\/\/www.elwatan.com\/wp-content\/uploads\/2019\/09\/Tlemcen-31e-vendredi.jpg 960w, https:\/\/www.elwatan.com\/wp-content\/uploads\/2019\/09\/Tlemcen-31e-vendredi-300x225.jpg 300w, https:\/\/www.elwatan.com\/wp-content\/uploads\/2019\/09\/Tlemcen-31e-vendredi-768x576.jpg 768w\" sizes=\"(max-width: 960px) 100vw, 960px\"\/><noscript><\/p>\n<p><img loading=\"lazy\" decoding=\"async\" width=\"960\" height=\"720\" src=\"https:\/\/www.elwatan.com\/wp-content\/uploads\/2019\/09\/Tlemcen-31e-vendredi.jpg\" class=\"attachment-post-thumbnail size-post-thumbnail wp-post-image\" alt=\"Tlemcen : \u00ab A Bas la dictature ! \u00bb\" srcset=\"https:\/\/www.elwatan.com\/wp-content\/uploads\/2019\/09\/Tlemcen-31e-vendredi.jpg 960w, https:\/\/www.elwatan.com\/wp-content\/uploads\/2019\/09\/Tlemcen-31e-vendredi-300x225.jpg 300w, https:\/\/www.elwatan.com\/wp-content\/uploads\/2019\/09\/Tlemcen-31e-vendredi-768x576.jpg 768w\" sizes=\"auto, (max-width: 960px) 100vw, 960px\"\/><\/p>\n<p><\/noscript> <span class=\"featured-image-caption\">Photo : C. Berriah \/ El Watan<\/span><\/div>\n<p>Le\u00e7on magistrale des Tlemceniens, cet apr\u00e8s midi. Ils n\u2019y sont pas all\u00e9s avec le dos de la cuill\u00e8re pour riposter d\u2019une mani\u00e8re cinglante au chef du corps d\u2019arm\u00e9e qui a mis Alger sous si\u00e8ge. \u00ab\u00a0Ga\u00efd Salah \u00e0 la poubelle, l\u2019Alg\u00e9rie se lib\u00e9rera du pouvoir assassin\u00a0!\u00a0\u00bb<\/p>\n<p>Aujourd\u2019hui, le nombre des m\u00e9contents \u00e9tait multipli\u00e9 par deux par rapport au week-end pr\u00e9c\u00e9dent. \u00ab\u00a0Le r\u00e9gime a ressorti son vrai visage, celui de la terreur et de la r\u00e9pression. Nous interdire l\u2019acc\u00e8s \u00e0 notre capitale, c\u2019est un grave pr\u00e9c\u00e9dent, le rubicon a \u00e9t\u00e9 franchi honteusement et impun\u00e9ment. Abus du pouvoir, injustice et\u00a0 pi\u00e9tinement de toutes les lois de la r\u00e9publique sont les armes de la mafia r\u00e9gnante, mais nous ne baisserons pas les bras, on mourra dans la rue, s\u2019il le faut pour d\u00e9gager ces gangsters\u00bb<\/p>\n<p>Les d\u00e9clarations fusaient comme des obus en direction de ceux qui ont jur\u00e9 d\u2019organiser l\u2019\u00e9lection pr\u00e9sidentielle sans la majorit\u00e9 du peuple. \u00ab\u00a0Pas d\u2019\u00e9lection avec\u00a0 les Emiratis\u00a0\u00bb scandaient carr\u00e9ment des Tlemceniens, jamais autant d\u00e9termin\u00e9s \u00e0 s\u2019opposer sans m\u00e9nagement \u00e0 un pouvoir, \u00e0 se d\u00e9marquer d\u2019une politique nihiliste instaur\u00e9e par des dictateurs des temps modernes \u00ab\u00a0Nous n\u2019irons pas voter avec la mafia, on restera dans la rue, c\u2019est notre meilleure urne dont doit tenir compte ces mafieux\u00a0!\u00a0\u00bb<\/p>\n<p>Et de rappeler les d\u00e9tenus d\u2019opinion \u00ab\u00a0Qu\u2019on lib\u00e8re nos fr\u00e8res incarc\u00e9r\u00e9s pour leurs id\u00e9es, leur parole\u00a0!\u00a0\u00bb<\/p>\n<p>Ne l\u00e2chant pas prise, les m\u00e9contents criaient en ch\u0153ur \u00ab\u00a0Nous continuerons notre combat pour la libert\u00e9, pour notre ind\u00e9pendance, la vraie\u2026\u00a0!\u00a0\u00bb<\/p>\n<p><span class=\"post-views-label\">Post Views:<\/span> <span class=\"post-views-count\">353<\/span><\/p>\n<p><br class=\"c4\"\/><\/p>\n<p>Auteur: Mohand Yahiaoui<br \/>\n<a href=\"https:\/\/www.elwatan.com\/edition\/actualite\/tlemcen-a-bas-la-dictature-20-09-2019\">Cliquez ici pour lire l&rsquo;article depuis sa source.<\/a><\/p>\n","protected":false},"excerpt":{"rendered":"<p>Photo : C. Berriah \/ El Watan Le\u00e7on magistrale des Tlemceniens, cet apr\u00e8s midi. Ils n\u2019y sont pas all\u00e9s avec le dos de la cuill\u00e8re pour riposter d\u2019une mani\u00e8re cinglante au chef du corps d\u2019arm\u00e9e qui a mis Alger sous si\u00e8ge. \u00ab\u00a0Ga\u00efd Salah \u00e0 la poubelle, l\u2019Alg\u00e9rie se lib\u00e9rera du pouvoir assassin\u00a0!\u00a0\u00bb Aujourd\u2019hui, le nombre [&hellip;]<\/p>\n","protected":false},"author":1743,"featured_media":61790,"comment_status":"closed","ping_status":"closed","sticky":false,"template":"","format":"standard","meta":{"fifu_image_url":"","fifu_image_alt":"","footnotes":""},"categories":[73,53],"tags":[],"class_list":["post-61789","post","type-post","status-publish","format-standard","has-post-thumbnail","hentry","category-actualite","category-algerie"],"_links":{"self":[{"href":"https:\/\/linitiative.ca\/International\/wp-json\/wp\/v2\/posts\/61789","targetHints":{"allow":["GET"]}}],"collection":[{"href":"https:\/\/linitiative.ca\/International\/wp-json\/wp\/v2\/posts"}],"about":[{"href":"https:\/\/linitiative.ca\/International\/wp-json\/wp\/v2\/types\/post"}],"author":[{"embeddable":true,"href":"https:\/\/linitiative.ca\/International\/wp-json\/wp\/v2\/users\/1743"}],"replies":[{"embeddable":true,"href":"https:\/\/linitiative.ca\/International\/wp-json\/wp\/v2\/comments?post=61789"}],"version-history":[{"count":0,"href":"https:\/\/linitiative.ca\/International\/wp-json\/wp\/v2\/posts\/61789\/revisions"}],"wp:featuredmedia":[{"embeddable":true,"href":"https:\/\/linitiative.ca\/International\/wp-json\/"}],"wp:attachment":[{"href":"https:\/\/linitiative.ca\/International\/wp-json\/wp\/v2\/media?parent=61789"}],"wp:term":[{"taxonomy":"category","embeddable":true,"href":"https:\/\/linitiative.ca\/International\/wp-json\/wp\/v2\/categories?post=61789"},{"taxonomy":"post_tag","embeddable":true,"href":"https:\/\/linitiative.ca\/International\/wp-json\/wp\/v2\/tags?post=61789"}],"curies":[{"name":"wp","href":"https:\/\/api.w.org\/{rel}","templated":true}]}}