{"id":61791,"date":"2019-09-20T11:59:41","date_gmt":"2019-09-20T15:59:41","guid":{"rendered":"https:\/\/linitiative.ca\/International\/chlef-imposante-marche-pour-la-satisfaction-des-prealables-du-hirak\/"},"modified":"2019-09-20T11:59:41","modified_gmt":"2019-09-20T15:59:41","slug":"chlef-imposante-marche-pour-la-satisfaction-des-prealables-du-hirak","status":"publish","type":"post","link":"https:\/\/linitiative.ca\/International\/chlef-imposante-marche-pour-la-satisfaction-des-prealables-du-hirak\/","title":{"rendered":"Chlef : Imposante marche pour la satisfaction des pr\u00e9alables du Hirak"},"content":{"rendered":"<h4 class=\"title-14\"\/>\n<div class=\"featured_image\"><img width=\"960\" height=\"720\" data-cfsrc=\"https:\/\/www.elwatan.com\/wp-content\/uploads\/2019\/09\/marche-vendredi-312.jpg\" class=\"attachment-post-thumbnail size-post-thumbnail wp-post-image c2\" alt=\"\" srcset=\"https:\/\/www.elwatan.com\/wp-content\/uploads\/2019\/09\/marche-vendredi-312.jpg 960w, https:\/\/www.elwatan.com\/wp-content\/uploads\/2019\/09\/marche-vendredi-312-300x225.jpg 300w, https:\/\/www.elwatan.com\/wp-content\/uploads\/2019\/09\/marche-vendredi-312-768x576.jpg 768w\" sizes=\"(max-width: 960px) 100vw, 960px\"\/><noscript><\/p>\n<p><img loading=\"lazy\" decoding=\"async\" width=\"960\" height=\"720\" src=\"https:\/\/www.elwatan.com\/wp-content\/uploads\/2019\/09\/marche-vendredi-312.jpg\" class=\"attachment-post-thumbnail size-post-thumbnail wp-post-image\" alt=\"\" srcset=\"https:\/\/www.elwatan.com\/wp-content\/uploads\/2019\/09\/marche-vendredi-312.jpg 960w, https:\/\/www.elwatan.com\/wp-content\/uploads\/2019\/09\/marche-vendredi-312-300x225.jpg 300w, https:\/\/www.elwatan.com\/wp-content\/uploads\/2019\/09\/marche-vendredi-312-768x576.jpg 768w\" sizes=\"auto, (max-width: 960px) 100vw, 960px\"\/><\/p>\n<p><\/noscript><\/div>\n<p>La marche de ce 31<sup>e<\/sup> vendredi est la plus importante qu\u2019ait connue le centre de Chlef depuis l\u2019avant-ramadhan. En effet, profitant d\u2019une temp\u00e9rature cl\u00e9mente, les manifestants \u00e9taient, cette fois, nombreux \u00e0 avoir rejoint le mouvement de protestation pacifique pour r\u00e9it\u00e9rer leurs revendications \u00e0 la lumi\u00e8re des derniers d\u00e9veloppements qu\u2019a connus la sc\u00e8ne politique nationale.<\/p>\n<p>Ils ont renouvel\u00e9 leur rejet de la feuille de route du pouvoir, scandant \u00e0 l\u2019unisson <em>\u00ab pas d\u2019\u00e9lection avec les gangs\u00bb, \u00ab\u00a0nous voulons un Etat civil et d\u00e9mocratique\u00a0\u00bb, \u00ab\u00a0Bensalah, Bedoui et leur gouvernement doivent partir\u00a0\u00bb.<\/em><\/p>\n<p>A mesure que le nombre de marcheurs augmente, la foule s\u2019\u00e9tire le long des grands boulevards du chef-lieu de wilaya. Les manifestants qui ont donc repris avec dynamisme et d\u00e9termination, ont fait preuve encore de t\u00e9nacit\u00e9 et de pers\u00e9v\u00e9rance en continuant d\u2019exiger le d\u00e9part des figures honnies du syst\u00e8me politique en place\u00a0 et la\u00a0 satisfaction des pr\u00e9alables n\u00e9cessaires pour l\u2019instauration de la nouvelle r\u00e9publique.<\/p>\n<p><span class=\"post-views-label\">Post Views:<\/span> <span class=\"post-views-count\">161<\/span><\/p>\n<p><br class=\"c5\"\/><\/p>\n<p>Auteur: sofia ouahib<br \/>\n<a href=\"https:\/\/www.elwatan.com\/edition\/actualite\/chlef-imposante-marche-pour-la-satisfaction-des-prealables-du-hirak-20-09-2019\">Cliquez ici pour lire l&rsquo;article depuis sa source.<\/a><\/p>\n","protected":false},"excerpt":{"rendered":"<p>La marche de ce 31e vendredi est la plus importante qu\u2019ait connue le centre de Chlef depuis l\u2019avant-ramadhan. En effet, profitant d\u2019une temp\u00e9rature cl\u00e9mente, les manifestants \u00e9taient, cette fois, nombreux \u00e0 avoir rejoint le mouvement de protestation pacifique pour r\u00e9it\u00e9rer leurs revendications \u00e0 la lumi\u00e8re des derniers d\u00e9veloppements qu\u2019a connus la sc\u00e8ne politique nationale. Ils [&hellip;]<\/p>\n","protected":false},"author":1743,"featured_media":61792,"comment_status":"closed","ping_status":"closed","sticky":false,"template":"","format":"standard","meta":{"fifu_image_url":"","fifu_image_alt":"","footnotes":""},"categories":[73,53],"tags":[],"class_list":["post-61791","post","type-post","status-publish","format-standard","has-post-thumbnail","hentry","category-actualite","category-algerie"],"_links":{"self":[{"href":"https:\/\/linitiative.ca\/International\/wp-json\/wp\/v2\/posts\/61791","targetHints":{"allow":["GET"]}}],"collection":[{"href":"https:\/\/linitiative.ca\/International\/wp-json\/wp\/v2\/posts"}],"about":[{"href":"https:\/\/linitiative.ca\/International\/wp-json\/wp\/v2\/types\/post"}],"author":[{"embeddable":true,"href":"https:\/\/linitiative.ca\/International\/wp-json\/wp\/v2\/users\/1743"}],"replies":[{"embeddable":true,"href":"https:\/\/linitiative.ca\/International\/wp-json\/wp\/v2\/comments?post=61791"}],"version-history":[{"count":0,"href":"https:\/\/linitiative.ca\/International\/wp-json\/wp\/v2\/posts\/61791\/revisions"}],"wp:featuredmedia":[{"embeddable":true,"href":"https:\/\/linitiative.ca\/International\/wp-json\/"}],"wp:attachment":[{"href":"https:\/\/linitiative.ca\/International\/wp-json\/wp\/v2\/media?parent=61791"}],"wp:term":[{"taxonomy":"category","embeddable":true,"href":"https:\/\/linitiative.ca\/International\/wp-json\/wp\/v2\/categories?post=61791"},{"taxonomy":"post_tag","embeddable":true,"href":"https:\/\/linitiative.ca\/International\/wp-json\/wp\/v2\/tags?post=61791"}],"curies":[{"name":"wp","href":"https:\/\/api.w.org\/{rel}","templated":true}]}}