{"id":61793,"date":"2019-09-20T12:39:57","date_gmt":"2019-09-20T16:39:57","guid":{"rendered":"https:\/\/linitiative.ca\/International\/guelma-un-visa-pour-alger\/"},"modified":"2019-09-20T12:39:57","modified_gmt":"2019-09-20T16:39:57","slug":"guelma-un-visa-pour-alger","status":"publish","type":"post","link":"https:\/\/linitiative.ca\/International\/guelma-un-visa-pour-alger\/","title":{"rendered":"Guelma : \u00ab Un visa pour Alger ! \u00bb"},"content":{"rendered":"<h4 class=\"title-14\"\/>\n<div class=\"featured_image\"><img width=\"604\" height=\"446\" data-cfsrc=\"https:\/\/www.elwatan.com\/wp-content\/uploads\/2019\/09\/guelma-e1568999515834.jpg\" class=\"attachment-post-thumbnail size-post-thumbnail wp-post-image c2\" alt=\"\" srcset=\"https:\/\/www.elwatan.com\/wp-content\/uploads\/2019\/09\/guelma-e1568999515834.jpg 604w, https:\/\/www.elwatan.com\/wp-content\/uploads\/2019\/09\/guelma-e1568999515834-300x222.jpg 300w\" sizes=\"(max-width: 604px) 100vw, 604px\"\/><noscript><\/p>\n<p><img loading=\"lazy\" decoding=\"async\" width=\"604\" height=\"446\" src=\"https:\/\/www.elwatan.com\/wp-content\/uploads\/2019\/09\/guelma-e1568999515834.jpg\" class=\"attachment-post-thumbnail size-post-thumbnail wp-post-image\" alt=\"\" srcset=\"https:\/\/www.elwatan.com\/wp-content\/uploads\/2019\/09\/guelma-e1568999515834.jpg 604w, https:\/\/www.elwatan.com\/wp-content\/uploads\/2019\/09\/guelma-e1568999515834-300x222.jpg 300w\" sizes=\"auto, (max-width: 604px) 100vw, 604px\"\/><\/p>\n<p><\/noscript><\/div>\n<p>\u00ab\u00a0Ya lil aar ya lil aar, el Assima taht el hissaar\u00a0\u00bb autrement dit \u00ab Quelle honte, quelle honte, la capitale sous le blocus\u00a0\u00bb, c\u2019est le slogan scand\u00e9, \u00a0aujourd\u2019hui 20 septembre, par les hirakistes Guelmis juste apr\u00e8s la pri\u00e8re du vendredi, d\u00e9non\u00e7ant l\u2019\u00e9tau ordonn\u00e9\u00a0 autour de la capitale en ce 31<sup>e<\/sup> vendredi de marche cons\u00e9cutif.<\/p>\n<p>Une pancarte ou l\u2019on pouvait lire, \u00e9crit au stylo \u00e0 bille\u00a0: \u00ab\u00a0Un visa pour Alger\u00a0!\u00a0\u00bb, a attir\u00e9 l\u2019attention des marcheurs. <em>\u00ab\u00a0Il fallait y penser. Cette dame a bien per\u00e7u la probl\u00e9matique\u00a0<\/em>\u00bb commentaient les gens lors de cette marche pacifique.<\/p>\n<p>Les prisonniers d\u2019opinion n\u2019ont \u00e9videmment pas \u00e9t\u00e9 oubli\u00e9s. <em>\u00ab\u00a0Lib\u00e9rez les prisonniers d\u2019opinion \u00bb<\/em> ont scand\u00e9 les marcheurs \u00e0 Guelma. Il est 14h30, au boulevard Soudani Boudjemaa, la foule s\u2019amplifie. Un ultime tour sur cette imposante art\u00e8re du centre-ville, avant de se diriger vers la place du 19 mars pour emprunter l\u2019avenue Azdine Za\u00efmia et s\u2019arr\u00eater aux portes du si\u00e8ge de la wilaya, une halte devenue obligatoire.<\/p>\n<p><em>\u00ab\u00a0Le pouvoir en place se cherche une l\u00e9gitimit\u00e9 avec des \u00e9lections ill\u00e9gitimes. Quelle audace\u00a0!\u00a0\u00bb,<\/em> r\u00e9pliquent certains uns en marchant. <em>\u00ab\u00a0Visiblement ils sont au bout du rouleau. Que vont-ils encore inventer pour se maintenir malgr\u00e9 le fiasco annonc\u00e9 de l\u2019\u00e9lection pr\u00e9sidentielle\u00a0?\u00a0\u00bb,<\/em> s\u2019interrogent d\u2019autres.<\/p>\n<p>La marche citoyenne et pacifique \u00e0 Guelma s\u2019est donc d\u00e9roul\u00e9e dans le calme. Notons qu\u2019une bagarre entre hirakistes et provocateurs a pu \u00eatre \u00e9vit\u00e9e gr\u00e2ce \u00e0 l\u2019intervention des policiers en civil pr\u00e9sents sur place.<\/p>\n<p><span class=\"post-views-label\">Post Views:<\/span> <span class=\"post-views-count\">899<\/span><\/p>\n<p><br class=\"c4\"\/><\/p>\n<p>Auteur: sofia ouahib<br \/>\n<a href=\"https:\/\/www.elwatan.com\/edition\/actualite\/guelma-un-visa-pour-alger-20-09-2019\">Cliquez ici pour lire l&rsquo;article depuis sa source.<\/a><\/p>\n","protected":false},"excerpt":{"rendered":"<p>\u00ab\u00a0Ya lil aar ya lil aar, el Assima taht el hissaar\u00a0\u00bb autrement dit \u00ab Quelle honte, quelle honte, la capitale sous le blocus\u00a0\u00bb, c\u2019est le slogan scand\u00e9, \u00a0aujourd\u2019hui 20 septembre, par les hirakistes Guelmis juste apr\u00e8s la pri\u00e8re du vendredi, d\u00e9non\u00e7ant l\u2019\u00e9tau ordonn\u00e9\u00a0 autour de la capitale en ce 31e vendredi de marche cons\u00e9cutif. Une [&hellip;]<\/p>\n","protected":false},"author":1743,"featured_media":61794,"comment_status":"closed","ping_status":"closed","sticky":false,"template":"","format":"standard","meta":{"fifu_image_url":"","fifu_image_alt":"","footnotes":""},"categories":[73,53],"tags":[],"class_list":["post-61793","post","type-post","status-publish","format-standard","has-post-thumbnail","hentry","category-actualite","category-algerie"],"_links":{"self":[{"href":"https:\/\/linitiative.ca\/International\/wp-json\/wp\/v2\/posts\/61793","targetHints":{"allow":["GET"]}}],"collection":[{"href":"https:\/\/linitiative.ca\/International\/wp-json\/wp\/v2\/posts"}],"about":[{"href":"https:\/\/linitiative.ca\/International\/wp-json\/wp\/v2\/types\/post"}],"author":[{"embeddable":true,"href":"https:\/\/linitiative.ca\/International\/wp-json\/wp\/v2\/users\/1743"}],"replies":[{"embeddable":true,"href":"https:\/\/linitiative.ca\/International\/wp-json\/wp\/v2\/comments?post=61793"}],"version-history":[{"count":0,"href":"https:\/\/linitiative.ca\/International\/wp-json\/wp\/v2\/posts\/61793\/revisions"}],"wp:featuredmedia":[{"embeddable":true,"href":"https:\/\/linitiative.ca\/International\/wp-json\/"}],"wp:attachment":[{"href":"https:\/\/linitiative.ca\/International\/wp-json\/wp\/v2\/media?parent=61793"}],"wp:term":[{"taxonomy":"category","embeddable":true,"href":"https:\/\/linitiative.ca\/International\/wp-json\/wp\/v2\/categories?post=61793"},{"taxonomy":"post_tag","embeddable":true,"href":"https:\/\/linitiative.ca\/International\/wp-json\/wp\/v2\/tags?post=61793"}],"curies":[{"name":"wp","href":"https:\/\/api.w.org\/{rel}","templated":true}]}}