{"id":61795,"date":"2019-09-20T13:12:48","date_gmt":"2019-09-20T17:12:48","guid":{"rendered":"https:\/\/linitiative.ca\/International\/biskra-rejet-de-la-feuille-de-route-du-pouvoir\/"},"modified":"2019-09-20T13:12:48","modified_gmt":"2019-09-20T17:12:48","slug":"biskra-rejet-de-la-feuille-de-route-du-pouvoir","status":"publish","type":"post","link":"https:\/\/linitiative.ca\/International\/biskra-rejet-de-la-feuille-de-route-du-pouvoir\/","title":{"rendered":"Biskra : Rejet de la feuille de route du pouvoir"},"content":{"rendered":"<h4 class=\"title-14\"\/>\n<div class=\"featured_image\"><img width=\"819\" height=\"460\" data-cfsrc=\"https:\/\/www.elwatan.com\/wp-content\/uploads\/2019\/09\/biskra.jpg\" class=\"attachment-post-thumbnail size-post-thumbnail wp-post-image c2\" alt=\"\" srcset=\"https:\/\/www.elwatan.com\/wp-content\/uploads\/2019\/09\/biskra.jpg 819w, https:\/\/www.elwatan.com\/wp-content\/uploads\/2019\/09\/biskra-300x168.jpg 300w, https:\/\/www.elwatan.com\/wp-content\/uploads\/2019\/09\/biskra-768x431.jpg 768w\" sizes=\"(max-width: 819px) 100vw, 819px\"\/><noscript><\/p>\n<p><img loading=\"lazy\" decoding=\"async\" width=\"819\" height=\"460\" src=\"https:\/\/www.elwatan.com\/wp-content\/uploads\/2019\/09\/biskra.jpg\" class=\"attachment-post-thumbnail size-post-thumbnail wp-post-image\" alt=\"\" srcset=\"https:\/\/www.elwatan.com\/wp-content\/uploads\/2019\/09\/biskra.jpg 819w, https:\/\/www.elwatan.com\/wp-content\/uploads\/2019\/09\/biskra-300x168.jpg 300w, https:\/\/www.elwatan.com\/wp-content\/uploads\/2019\/09\/biskra-768x431.jpg 768w\" sizes=\"auto, (max-width: 819px) 100vw, 819px\"\/><\/p>\n<p><\/noscript><\/div>\n<p>A Biskra, le 31<sup>e<\/sup>\u00a0acte du mouvement populaire pacifique national contre le syst\u00e8me politique et tous ses symboles et thurif\u00e9raires a \u00e9t\u00e9 marqu\u00e9, aujourd\u2019hui, par la mobilisation de centaines de manifestants de divers horizons rassembl\u00e9s \u00e0 la Place de la libert\u00e9 du centre-ville.<\/p>\n<p>Ces derniers ont r\u00e9clam\u00e9 la lib\u00e9ration des d\u00e9tenus d\u2019opinion dont les principaux animateurs du Hirak et ont scand\u00e9 des slogans hostiles aux \u00e9lections pr\u00e9sidentielles telles pr\u00e9conis\u00e9es par Gaid Salah, chef d\u2019\u00c9tat-major et vice-ministre de la D\u00e9fense national lequel a \u00e9t\u00e9 fustig\u00e9 pour ses d\u00e9cisions \u00ab\u00a0<em>arbitraires et<\/em>\u00a0<em>allant \u00e0 contre-courant des revendications populaires et<\/em>\u00a0<em>entravant les libert\u00e9s de d\u00e9placement, de r\u00e9union et de protestation sur la voie publique du peuple alg\u00e9rien ne voulant plus vivre sous la f\u00e9rule des militaires et qui aspire \u00e0 l\u2019instauration d\u2019un \u00c9tat civil, d\u00e9mocratique et r\u00e9publicain<\/em>.\u00bb, a soulign\u00e9 l\u2019un d\u2019entre eux.<\/p>\n<p>Puis la foule compacte s\u2019est mise en branle vers l\u2019Avenue Za\u00e0tcha, principale art\u00e8re de la ville qui a vibr\u00e9 aux clameurs revendicatrices et aux chansons entonn\u00e9es par les marcheurs, hommes, femmes et enfants, plus volontaires que jamais, a-t-on constat\u00e9. \u00ab<em>Parlement, gouvernement, FLN et RND, D\u00e9gage. D\u00e9gage.<\/em>\u00a0<em>Nous jurons de ne pas nous arr\u00eater. Nous n\u2019irons pas voter pour adouber un syst\u00e8me corrompu. Le peuple ne veut plus des discours des casernes. Eh\u00a0! Mouche. Pardonne-moi. Mon p\u00e8re m\u2019a conseill\u00e9 de ne pas aller voter pour des bandits. Le peuple et l\u2019arm\u00e9e sont fr\u00e8res mais nous voulons un \u00e9tat civil<\/em>.\u00a0<em>Honte \u00e0 vous, la capitale est sous embargo<\/em>.\u00bb, sont les slogans clam\u00e9s constituant la substance du message populaire destin\u00e9 au commandement militaire en ce 31<sup>e<\/sup>\u00a0vendredi de mobilisation pour une autre Alg\u00e9rie laquelle mobilisation populaire a repris de plus belle et est loin de fl\u00e9chir, note-t-on.<\/p>\n<p><span class=\"post-views-label\">Post Views:<\/span> <span class=\"post-views-count\">340<\/span><\/p>\n<p><br class=\"c4\"\/><\/p>\n<p>Auteur: sofia ouahib<br \/>\n<a href=\"https:\/\/www.elwatan.com\/edition\/actualite\/biskra-rejet-de-la-feuille-de-route-du-pouvoir-20-09-2019\">Cliquez ici pour lire l&rsquo;article depuis sa source.<\/a><\/p>\n","protected":false},"excerpt":{"rendered":"<p>A Biskra, le 31e\u00a0acte du mouvement populaire pacifique national contre le syst\u00e8me politique et tous ses symboles et thurif\u00e9raires a \u00e9t\u00e9 marqu\u00e9, aujourd\u2019hui, par la mobilisation de centaines de manifestants de divers horizons rassembl\u00e9s \u00e0 la Place de la libert\u00e9 du centre-ville. Ces derniers ont r\u00e9clam\u00e9 la lib\u00e9ration des d\u00e9tenus d\u2019opinion dont les principaux animateurs [&hellip;]<\/p>\n","protected":false},"author":1743,"featured_media":61796,"comment_status":"closed","ping_status":"closed","sticky":false,"template":"","format":"standard","meta":{"fifu_image_url":"","fifu_image_alt":"","footnotes":""},"categories":[73,53],"tags":[],"class_list":["post-61795","post","type-post","status-publish","format-standard","has-post-thumbnail","hentry","category-actualite","category-algerie"],"_links":{"self":[{"href":"https:\/\/linitiative.ca\/International\/wp-json\/wp\/v2\/posts\/61795","targetHints":{"allow":["GET"]}}],"collection":[{"href":"https:\/\/linitiative.ca\/International\/wp-json\/wp\/v2\/posts"}],"about":[{"href":"https:\/\/linitiative.ca\/International\/wp-json\/wp\/v2\/types\/post"}],"author":[{"embeddable":true,"href":"https:\/\/linitiative.ca\/International\/wp-json\/wp\/v2\/users\/1743"}],"replies":[{"embeddable":true,"href":"https:\/\/linitiative.ca\/International\/wp-json\/wp\/v2\/comments?post=61795"}],"version-history":[{"count":0,"href":"https:\/\/linitiative.ca\/International\/wp-json\/wp\/v2\/posts\/61795\/revisions"}],"wp:featuredmedia":[{"embeddable":true,"href":"https:\/\/linitiative.ca\/International\/wp-json\/"}],"wp:attachment":[{"href":"https:\/\/linitiative.ca\/International\/wp-json\/wp\/v2\/media?parent=61795"}],"wp:term":[{"taxonomy":"category","embeddable":true,"href":"https:\/\/linitiative.ca\/International\/wp-json\/wp\/v2\/categories?post=61795"},{"taxonomy":"post_tag","embeddable":true,"href":"https:\/\/linitiative.ca\/International\/wp-json\/wp\/v2\/tags?post=61795"}],"curies":[{"name":"wp","href":"https:\/\/api.w.org\/{rel}","templated":true}]}}