{"id":61799,"date":"2019-09-20T11:57:00","date_gmt":"2019-09-20T15:57:00","guid":{"rendered":"https:\/\/linitiative.ca\/International\/lappel-de-chahed-a-zbidi-unissons-nous\/"},"modified":"2019-09-20T11:57:00","modified_gmt":"2019-09-20T15:57:00","slug":"lappel-de-chahed-a-zbidi-unissons-nous","status":"publish","type":"post","link":"https:\/\/linitiative.ca\/International\/lappel-de-chahed-a-zbidi-unissons-nous\/","title":{"rendered":"L&rsquo;appel de Chahed \u00e0 Zbidi :  unissons-nous !"},"content":{"rendered":"<p class=\"MsoNormal\">Invit\u00e9 de l\u2019\u00e9mission<span class=\"c2\">\u00a0<\/span> Midi Show ce vendredi, Youssef Chahed a appel\u00e9 vendredi<span class=\"c2\">\u00a0<\/span> Abdelkrim Zbidi \u00e0 s\u2019asseoir autour de la m\u00eame table \u00ab\u00a0malgr\u00e9 les propos qui ont \u00e9t\u00e9 tenus \u00e0 mon encontre\u00a0\u00bb pour transcender nos diff\u00e9rends et aborder les \u00e9lections l\u00e9gislatives en rangs unis, \u00e9viter les dispersions de voix et permettre \u00e0 la famille d\u00e9mocratique de peser de tout son poids au parlement \u00a0\u00bb.<\/p>\n<p class=\"MsoNormal\"><img decoding=\"async\" src=\"\/uploads\/FCK_files\/IMG2860.jpg\" width=\"100%\" vspace=\"5\" hspace=\"5\" align=\"middle\" alt=\"\"\/><\/p>\n<p>Auteur:<br \/>\n<a href=\"https:\/\/www.leaders.com.tn\/article\/28020-l-appel-de-chahed-a-zbidi\">Cliquez ici pour lire l&rsquo;article depuis sa source.<\/a><\/p>\n","protected":false},"excerpt":{"rendered":"<p>Invit\u00e9 de l\u2019\u00e9mission\u00a0 Midi Show ce vendredi, Youssef Chahed a appel\u00e9 vendredi\u00a0 Abdelkrim Zbidi \u00e0 s\u2019asseoir autour de la m\u00eame table \u00ab\u00a0malgr\u00e9 les propos qui ont \u00e9t\u00e9 tenus \u00e0 mon encontre\u00a0\u00bb pour transcender nos diff\u00e9rends et aborder les \u00e9lections l\u00e9gislatives en rangs unis, \u00e9viter les dispersions de voix et permettre \u00e0 la famille d\u00e9mocratique de [&hellip;]<\/p>\n","protected":false},"author":1772,"featured_media":61800,"comment_status":"closed","ping_status":"closed","sticky":false,"template":"","format":"standard","meta":{"fifu_image_url":"","fifu_image_alt":"","footnotes":""},"categories":[73,55],"tags":[],"class_list":["post-61799","post","type-post","status-publish","format-standard","has-post-thumbnail","hentry","category-actualite","category-tunisie"],"_links":{"self":[{"href":"https:\/\/linitiative.ca\/International\/wp-json\/wp\/v2\/posts\/61799","targetHints":{"allow":["GET"]}}],"collection":[{"href":"https:\/\/linitiative.ca\/International\/wp-json\/wp\/v2\/posts"}],"about":[{"href":"https:\/\/linitiative.ca\/International\/wp-json\/wp\/v2\/types\/post"}],"author":[{"embeddable":true,"href":"https:\/\/linitiative.ca\/International\/wp-json\/wp\/v2\/users\/1772"}],"replies":[{"embeddable":true,"href":"https:\/\/linitiative.ca\/International\/wp-json\/wp\/v2\/comments?post=61799"}],"version-history":[{"count":0,"href":"https:\/\/linitiative.ca\/International\/wp-json\/wp\/v2\/posts\/61799\/revisions"}],"wp:featuredmedia":[{"embeddable":true,"href":"https:\/\/linitiative.ca\/International\/wp-json\/"}],"wp:attachment":[{"href":"https:\/\/linitiative.ca\/International\/wp-json\/wp\/v2\/media?parent=61799"}],"wp:term":[{"taxonomy":"category","embeddable":true,"href":"https:\/\/linitiative.ca\/International\/wp-json\/wp\/v2\/categories?post=61799"},{"taxonomy":"post_tag","embeddable":true,"href":"https:\/\/linitiative.ca\/International\/wp-json\/wp\/v2\/tags?post=61799"}],"curies":[{"name":"wp","href":"https:\/\/api.w.org\/{rel}","templated":true}]}}