{"id":61805,"date":"2019-09-20T11:13:08","date_gmt":"2019-09-20T15:13:08","guid":{"rendered":"https:\/\/linitiative.ca\/International\/agadir-les-touristes-preferent-les-hotels-4-etoiles\/"},"modified":"2019-09-20T11:13:08","modified_gmt":"2019-09-20T15:13:08","slug":"agadir-les-touristes-preferent-les-hotels-4-etoiles","status":"publish","type":"post","link":"https:\/\/linitiative.ca\/International\/agadir-les-touristes-preferent-les-hotels-4-etoiles\/","title":{"rendered":"Agadir : les touristes pr\u00e9f\u00e8rent les h\u00f4tels \u00ab 4 \u00e9toiles \u00bb"},"content":{"rendered":"<p><strong>Le CRT vient de rendre publics les chiffres relatifs aux sept premiers mois de l\u2019ann\u00e9e.<\/strong><\/p>\n<div class=\"c10\"\/>\n<p>Le tourisme \u00e0 la perle du sud se dirige vers une ann\u00e9e exceptionnelle. Le nombre de touristes, toutes nationalit\u00e9s confondues, qui ont visit\u00e9 la ville d\u2019<strong>Agadir<\/strong> durant les sept premiers mois de 2019 a atteint 654.255 contre 613.891 arriv\u00e9es au cours de la m\u00eame p\u00e9riode de l\u2019ann\u00e9e derni\u00e8re, soit une progression de 6,58%.<\/p>\n<p>Les donn\u00e9es du Conseil r\u00e9gional du tourisme (CRT) de Agadir-Souss Massa font ressortir que les <strong>touristes<\/strong> nationaux arrivent en t\u00eate avec un total de 229.143, contre 195.860 durant la p\u00e9riode janvier-juillet 2018, ce qui repr\u00e9sente une hausse de 16,99%. Les touristes fran\u00e7ais occupent la deuxi\u00e8me position avec 121.235 arriv\u00e9es (+19%), suivis des Allemands (73.311) et des Anglais (71.325), soit une augmentation de 21,91%.<\/p>\n<p>Concernant les \u00e9tablissements touristiques, les <strong>h\u00f4tels<\/strong> class\u00e9s \u00ab\u00a04 \u00e9toiles\u00a0\u00bb ont accueilli, entre janvier et juillet 2019, le plus grand nombre de touristes, soit 191.244, suivis des clubs touristiques (138.076) et des h\u00f4tels \u00ab\u00a05 \u00e9toiles\u00a0\u00bb (122.997).<\/p>\n<p>Lire aussi : <a href=\"https:\/\/www.challenge.ma\/agadir-plus-dun-million-de-nuitees-sur-le-premier-trimestre-de-2019-109581\/\" target=\"_blank\" rel=\"noreferrer noopener\" aria-label=\"Agadir\u00a0: Plus d\u2019un million de nuit\u00e9es sur le premier trimestre de 2019 (s\u2019ouvre dans un nouvel onglet)\">Agadir\u00a0: Plus d\u2019un million de nuit\u00e9es sur le premier trimestre de 2019<\/a><\/p>\n<p>Enfin, le taux d\u2019occupation enregistr\u00e9 dans les diff\u00e9rents \u00e9tablissements d\u2019h\u00e9bergement touristique class\u00e9s de cette destination est \u00e9valu\u00e9, par le CRT, \u00e0 53,18%, soit une progression de 2,24%.<\/p>\n<div class=\"c17\">\n<fieldset class=\"c16\">\n<legend><strong><span class=\"c11\">Challenge<\/span><span class=\"c12\">news<\/span><\/strong><\/legend>\n<div class=\"c15\">Le meilleur de la r\u00e9daction s\u00e9lectionn\u00e9 par Challenge :<\/p>\n<\/div>\n<\/fieldset>\n<\/div>\n<p>Auteur: Karim Handaoui<br \/>\n<a href=\"https:\/\/www.challenge.ma\/agadir-les-touristes-preferent-les-hotels-4-etoiles-117952\/\">Cliquez ici pour lire l&rsquo;article depuis sa source.<\/a><\/p>\n","protected":false},"excerpt":{"rendered":"<p>Le CRT vient de rendre publics les chiffres relatifs aux sept premiers mois de l\u2019ann\u00e9e. Le tourisme \u00e0 la perle du sud se dirige vers une ann\u00e9e exceptionnelle. Le nombre de touristes, toutes nationalit\u00e9s confondues, qui ont visit\u00e9 la ville d\u2019Agadir durant les sept premiers mois de 2019 a atteint 654.255 contre 613.891 arriv\u00e9es au [&hellip;]<\/p>\n","protected":false},"author":1787,"featured_media":0,"comment_status":"closed","ping_status":"closed","sticky":false,"template":"","format":"standard","meta":{"fifu_image_url":"","fifu_image_alt":"","footnotes":""},"categories":[78,54],"tags":[],"class_list":["post-61805","post","type-post","status-publish","format-standard","hentry","category-economie","category-maroc"],"_links":{"self":[{"href":"https:\/\/linitiative.ca\/International\/wp-json\/wp\/v2\/posts\/61805","targetHints":{"allow":["GET"]}}],"collection":[{"href":"https:\/\/linitiative.ca\/International\/wp-json\/wp\/v2\/posts"}],"about":[{"href":"https:\/\/linitiative.ca\/International\/wp-json\/wp\/v2\/types\/post"}],"author":[{"embeddable":true,"href":"https:\/\/linitiative.ca\/International\/wp-json\/wp\/v2\/users\/1787"}],"replies":[{"embeddable":true,"href":"https:\/\/linitiative.ca\/International\/wp-json\/wp\/v2\/comments?post=61805"}],"version-history":[{"count":0,"href":"https:\/\/linitiative.ca\/International\/wp-json\/wp\/v2\/posts\/61805\/revisions"}],"wp:attachment":[{"href":"https:\/\/linitiative.ca\/International\/wp-json\/wp\/v2\/media?parent=61805"}],"wp:term":[{"taxonomy":"category","embeddable":true,"href":"https:\/\/linitiative.ca\/International\/wp-json\/wp\/v2\/categories?post=61805"},{"taxonomy":"post_tag","embeddable":true,"href":"https:\/\/linitiative.ca\/International\/wp-json\/wp\/v2\/tags?post=61805"}],"curies":[{"name":"wp","href":"https:\/\/api.w.org\/{rel}","templated":true}]}}