{"id":61806,"date":"2019-09-20T11:19:01","date_gmt":"2019-09-20T15:19:01","guid":{"rendered":"https:\/\/linitiative.ca\/International\/dreux-intelcia-fete-ses-10-ans\/"},"modified":"2019-09-20T11:19:01","modified_gmt":"2019-09-20T15:19:01","slug":"dreux-intelcia-fete-ses-10-ans","status":"publish","type":"post","link":"https:\/\/linitiative.ca\/International\/dreux-intelcia-fete-ses-10-ans\/","title":{"rendered":"Dreux : Intelcia f\u00eate ses 10 ans"},"content":{"rendered":"<p><strong>Le site fran\u00e7ais du sp\u00e9cialiste marocain de l\u2019externalisation de la relation client a multipli\u00e9 par 6 le nombre de ses collaborateurs durant cette p\u00e9riode.<\/strong><\/p>\n<div class=\"c10\"\/>\n<p>Le groupe marocain vient de f\u00eater ses 10 ans d\u2019activit\u00e9 en Eure et Loire. Intelcia a pu, durant cette d\u00e9cennie, se hisser au rang de premier employeur et premier investisseur priv\u00e9 de la r\u00e9gion. Son site de Dreux, \u00e0 l\u2019ouest de Paris, s\u2019\u00e9tale sur une superficie de 4.000 m\u00b2. Il emploie 550 collaborateurs au total, dont la quasi-totalit\u00e9 en CDI (99%), soit 6 fois plus qu\u2019en 2009 lors du d\u00e9marrage des premi\u00e8res activit\u00e9s du site. D\u2019ici la fin de l\u2019ann\u00e9e 2019, Intelcia Dreux compte passer \u00e0 700 collaborateurs, avec 150 postes suppl\u00e9mentaires \u00e0 pourvoir pour soutenir le d\u00e9veloppement de nouvelles activit\u00e9s du groupe pour le compte de clients existants et de nouveaux clients dans les secteurs de la sant\u00e9 et de la grande distribution.<\/p>\n<p><iframe loading=\"lazy\" src=\"https:\/\/www.facebook.com\/plugins\/post.php?href=https%3A%2F%2Fwww.facebook.com%2FIntelciaGroup%2Fposts%2F2026091607491512&#038;width=500\" width=\"500\" height=\"530\">[embedded content]<\/iframe><\/p>\n<p>Pour Yves Cornette, directeur Intelcia France, le succ\u00e8s du site de Dreux s\u2019explique par sa proximit\u00e9 avec ses clients. \u00ab <strong>Intelcia Dreux<\/strong> est une entreprise drouaise et notre succ\u00e8s repose principalement sur la proximit\u00e9 et l\u2019engagement dont nous faisons preuves aupr\u00e8s de nos clients et de nos collaborateurs. Nous allons continuer \u00e0 diversifier et renforcer de notre expertise afin de rester comp\u00e9titif et surtout conserver cet ADN humain qui constitue l\u2019un des piliers de la marque\u00a0\u00bb, souligne le directeur.<\/p>\n<p>Lire aussi : <a href=\"https:\/\/www.challenge.ma\/voici-les-meilleurs-employeurs-au-maroc-112766\/\" target=\"_blank\" rel=\"noreferrer noopener\" aria-label=\"Voici les plus gros employeurs nationaux au Maroc (s\u2019ouvre dans un nouvel onglet)\">Voici les plus gros employeurs nationaux au Maroc<\/a><\/p>\n<p>Pour rappel, cr\u00e9\u00e9 en 2000, Intelcia est un acteur de r\u00e9f\u00e9rence sur le march\u00e9 de l\u2019<strong>outsourcing<\/strong>. Il assure des activit\u00e9s d\u2019externalisation du service client, des processus m\u00e9tiers ou encore du support technique. Le groupe compte 13.000 collaborateurs r\u00e9partis sur ses 26 centres en Europe (France et Portugal), en Afrique (Maroc, S\u00e9n\u00e9gal, C\u00f4te d\u2019Ivoire et Cameroun) et dans l\u2019Oc\u00e9an Indien (Madagascar et Maurice).<\/p>\n<div class=\"c17\">\n<fieldset class=\"c16\">\n<legend><strong><span class=\"c11\">Challenge<\/span><span class=\"c12\">news<\/span><\/strong><\/legend>\n<div class=\"c15\">Le meilleur de la r\u00e9daction s\u00e9lectionn\u00e9 par Challenge :<\/p>\n<\/div>\n<\/fieldset>\n<\/div>\n<p>Auteur: Karim Handaoui<br \/>\n<a href=\"https:\/\/www.challenge.ma\/dreux-intelcia-fete-ses-10-ans-117964\/\">Cliquez ici pour lire l&rsquo;article depuis sa source.<\/a><\/p>\n","protected":false},"excerpt":{"rendered":"<p>Le site fran\u00e7ais du sp\u00e9cialiste marocain de l\u2019externalisation de la relation client a multipli\u00e9 par 6 le nombre de ses collaborateurs durant cette p\u00e9riode. Le groupe marocain vient de f\u00eater ses 10 ans d\u2019activit\u00e9 en Eure et Loire. Intelcia a pu, durant cette d\u00e9cennie, se hisser au rang de premier employeur et premier investisseur priv\u00e9 [&hellip;]<\/p>\n","protected":false},"author":1787,"featured_media":0,"comment_status":"closed","ping_status":"closed","sticky":false,"template":"","format":"standard","meta":{"fifu_image_url":"","fifu_image_alt":"","footnotes":""},"categories":[78,54],"tags":[],"class_list":["post-61806","post","type-post","status-publish","format-standard","hentry","category-economie","category-maroc"],"_links":{"self":[{"href":"https:\/\/linitiative.ca\/International\/wp-json\/wp\/v2\/posts\/61806","targetHints":{"allow":["GET"]}}],"collection":[{"href":"https:\/\/linitiative.ca\/International\/wp-json\/wp\/v2\/posts"}],"about":[{"href":"https:\/\/linitiative.ca\/International\/wp-json\/wp\/v2\/types\/post"}],"author":[{"embeddable":true,"href":"https:\/\/linitiative.ca\/International\/wp-json\/wp\/v2\/users\/1787"}],"replies":[{"embeddable":true,"href":"https:\/\/linitiative.ca\/International\/wp-json\/wp\/v2\/comments?post=61806"}],"version-history":[{"count":0,"href":"https:\/\/linitiative.ca\/International\/wp-json\/wp\/v2\/posts\/61806\/revisions"}],"wp:attachment":[{"href":"https:\/\/linitiative.ca\/International\/wp-json\/wp\/v2\/media?parent=61806"}],"wp:term":[{"taxonomy":"category","embeddable":true,"href":"https:\/\/linitiative.ca\/International\/wp-json\/wp\/v2\/categories?post=61806"},{"taxonomy":"post_tag","embeddable":true,"href":"https:\/\/linitiative.ca\/International\/wp-json\/wp\/v2\/tags?post=61806"}],"curies":[{"name":"wp","href":"https:\/\/api.w.org\/{rel}","templated":true}]}}