{"id":61807,"date":"2019-09-20T12:21:14","date_gmt":"2019-09-20T16:21:14","guid":{"rendered":"https:\/\/linitiative.ca\/International\/marrakech-la-balade-de-bill-clinton-a-jamaa-el-fna\/"},"modified":"2019-09-20T12:21:14","modified_gmt":"2019-09-20T16:21:14","slug":"marrakech-la-balade-de-bill-clinton-a-jamaa-el-fna","status":"publish","type":"post","link":"https:\/\/linitiative.ca\/International\/marrakech-la-balade-de-bill-clinton-a-jamaa-el-fna\/","title":{"rendered":"Marrakech : La balade de Bill Clinton \u00e0 Jama\u00e2 el Fna"},"content":{"rendered":"<p><strong>Invit\u00e9 \u00e0 l\u2019anniversaire du milliardaire maroco-am\u00e9ricain Marc Lasry, L\u2019ancien pr\u00e9sident am\u00e9ricain Bill Clinton a visit\u00e9, ce vendredi matin, les march\u00e9s de la place Jama\u00e2 El Fna \u00e0 Marrakech.<\/strong><\/p>\n<div class=\"c10\"\/>\n<p>Lors de sa visite de la place Jama\u00e2 el Fna, l\u2019ancien pr\u00e9sident am\u00e9ricain s\u2019est offert un bain de foule chaleureux en compagnie de marchands avec qui il a cr\u00e9\u00e9 des liens d\u2019amiti\u00e9 lors de ses visites successives dans la ville ocre.<\/p>\n<p>Clinton s\u2019est rendu \u00e0 Marrakech sur invitation de Marc Lasry, un milliardaire am\u00e9ricain d\u2019origine marocaine, qui organise ce week-end une c\u00e9l\u00e9bration somptueuse dans sa ville natale, \u00e0 l\u2019occasion de son soixanti\u00e8me anniversaire.<\/p>\n<p><img decoding=\"async\" src=\"https:\/\/www.challenge.ma\/wp-content\/uploads\/2019\/09\/Clintons-Expected-In-Marrakech-This-Weekend-to-Attend-Marc-Lasry%E2%80%99s-Birthday--1024x555.jpeg\" alt=\"\" class=\"wp-image-117978\" srcset=\"https:\/\/www.challenge.ma\/wp-content\/uploads\/2019\/09\/Clintons-Expected-In-Marrakech-This-Weekend-to-Attend-Marc-Lasry\u2019s-Birthday--1024x555.jpeg 1024w, https:\/\/www.challenge.ma\/wp-content\/uploads\/2019\/09\/Clintons-Expected-In-Marrakech-This-Weekend-to-Attend-Marc-Lasry\u2019s-Birthday--300x163.jpeg 300w, https:\/\/www.challenge.ma\/wp-content\/uploads\/2019\/09\/Clintons-Expected-In-Marrakech-This-Weekend-to-Attend-Marc-Lasry\u2019s-Birthday--768x416.jpeg 768w, https:\/\/www.challenge.ma\/wp-content\/uploads\/2019\/09\/Clintons-Expected-In-Marrakech-This-Weekend-to-Attend-Marc-Lasry\u2019s-Birthday--360x195.jpeg 360w, https:\/\/www.challenge.ma\/wp-content\/uploads\/2019\/09\/Clintons-Expected-In-Marrakech-This-Weekend-to-Attend-Marc-Lasry\u2019s-Birthday--750x407.jpeg 750w, https:\/\/www.challenge.ma\/wp-content\/uploads\/2019\/09\/Clintons-Expected-In-Marrakech-This-Weekend-to-Attend-Marc-Lasry\u2019s-Birthday-.jpeg 1160w\" sizes=\"(max-width: 1024px) 100vw, 1024px\"\/>Bill Clinton avec son ami le milliardaire mroco-am\u00e9ricain Marc Lasry.<\/p>\n<p>Lasry sera l\u2019h\u00f4te du plus luxueux h\u00f4tel de Marrakech, La Mamounia. Plus de 300 personnalit\u00e9s mondiales de la finance et de la politique sont attendues.<\/p>\n<p>N\u00e9 \u00e0 Marrakech le 30 septembre 1959, Lasry a v\u00e9cu aux Etats-Unis depuis l\u2019\u00e2ge de 7 ans, o\u00f9 il a quelques ann\u00e9es apr\u00e8s fait fortune en tant que g\u00e9rant de fonds de pension et de hedge funds. Il est \u00e9galement PDG de Avenue Capital Group et copropri\u00e9taire de l\u2019\u00e9quipe NBA du Michigan, les Milwaukee Bucks.<\/p>\n<div class=\"c17\">\n<fieldset class=\"c16\">\n<legend><strong><span class=\"c11\">Challenge<\/span><span class=\"c12\">news<\/span><\/strong><\/legend>\n<div class=\"c15\">Le meilleur de la r\u00e9daction s\u00e9lectionn\u00e9 par Challenge :<\/p>\n<\/div>\n<\/fieldset>\n<\/div>\n<p>Auteur: Hassan Manyani<br \/>\n<a href=\"https:\/\/www.challenge.ma\/marrakech-la-ballade-de-bill-clinton-a-jamaa-el-fna-117975\/\">Cliquez ici pour lire l&rsquo;article depuis sa source.<\/a><\/p>\n","protected":false},"excerpt":{"rendered":"<p>Invit\u00e9 \u00e0 l\u2019anniversaire du milliardaire maroco-am\u00e9ricain Marc Lasry, L\u2019ancien pr\u00e9sident am\u00e9ricain Bill Clinton a visit\u00e9, ce vendredi matin, les march\u00e9s de la place Jama\u00e2 El Fna \u00e0 Marrakech. Lors de sa visite de la place Jama\u00e2 el Fna, l\u2019ancien pr\u00e9sident am\u00e9ricain s\u2019est offert un bain de foule chaleureux en compagnie de marchands avec qui il [&hellip;]<\/p>\n","protected":false},"author":1787,"featured_media":61808,"comment_status":"closed","ping_status":"closed","sticky":false,"template":"","format":"standard","meta":{"fifu_image_url":"","fifu_image_alt":"","footnotes":""},"categories":[78,54],"tags":[],"class_list":["post-61807","post","type-post","status-publish","format-standard","has-post-thumbnail","hentry","category-economie","category-maroc"],"_links":{"self":[{"href":"https:\/\/linitiative.ca\/International\/wp-json\/wp\/v2\/posts\/61807","targetHints":{"allow":["GET"]}}],"collection":[{"href":"https:\/\/linitiative.ca\/International\/wp-json\/wp\/v2\/posts"}],"about":[{"href":"https:\/\/linitiative.ca\/International\/wp-json\/wp\/v2\/types\/post"}],"author":[{"embeddable":true,"href":"https:\/\/linitiative.ca\/International\/wp-json\/wp\/v2\/users\/1787"}],"replies":[{"embeddable":true,"href":"https:\/\/linitiative.ca\/International\/wp-json\/wp\/v2\/comments?post=61807"}],"version-history":[{"count":0,"href":"https:\/\/linitiative.ca\/International\/wp-json\/wp\/v2\/posts\/61807\/revisions"}],"wp:featuredmedia":[{"embeddable":true,"href":"https:\/\/linitiative.ca\/International\/wp-json\/"}],"wp:attachment":[{"href":"https:\/\/linitiative.ca\/International\/wp-json\/wp\/v2\/media?parent=61807"}],"wp:term":[{"taxonomy":"category","embeddable":true,"href":"https:\/\/linitiative.ca\/International\/wp-json\/wp\/v2\/categories?post=61807"},{"taxonomy":"post_tag","embeddable":true,"href":"https:\/\/linitiative.ca\/International\/wp-json\/wp\/v2\/tags?post=61807"}],"curies":[{"name":"wp","href":"https:\/\/api.w.org\/{rel}","templated":true}]}}