{"id":61810,"date":"2019-09-20T12:38:41","date_gmt":"2019-09-20T16:38:41","guid":{"rendered":"https:\/\/linitiative.ca\/International\/resultats-semestriels-auto-hall-maintient-le-cap\/"},"modified":"2019-09-20T12:38:41","modified_gmt":"2019-09-20T16:38:41","slug":"resultats-semestriels-auto-hall-maintient-le-cap","status":"publish","type":"post","link":"https:\/\/linitiative.ca\/International\/resultats-semestriels-auto-hall-maintient-le-cap\/","title":{"rendered":"R\u00e9sultats semestriels : Auto Hall maintient le cap"},"content":{"rendered":"<p><strong>Auto Hall vient fra\u00eechement de d\u00e9voiler ses r\u00e9sultats semestriels \u00e0 fin juin 2019. L\u2019importateur et distributeur multimarques peut se pr\u00e9valoir de plusieurs facteurs favorables qui ont contribu\u00e9 \u00e0 de bons r\u00e9sultats, malgr\u00e9 un march\u00e9 automobile dans le creux de la vague.<\/strong><\/p>\n<div class=\"c10\"\/>\n<p>Toujours est-il que la hausse du march\u00e9 des v\u00e9hicules utilitaires l\u00e9gers, l\u2019\u00e9largissement de la gamme des mod\u00e8les Opel, le d\u00e9veloppement des ventes de DFSK ont permis au Groupe de tirer son \u00e9pingle du jeu. En revanche, la baisse des march\u00e9s du v\u00e9hicule particuliers, des camions et engins agricoles ont impact\u00e9 le r\u00e9sultat d\u2019ensemble. Dans le d\u00e9tail, le Groupe affiche 43% de parts de march\u00e9s \u00e0 fin juillet 2019 (contre 41% \u00e0 la m\u00eame p\u00e9riode en 2018) gr\u00e2ce aux bonnes performances commerciales de Fuso, leader du march\u00e9 et de Ford Trucks. Le segment du tracteur agricole affiche quant \u00e0 lui une part de march\u00e9s de 18% contre 16% \u00e0 pareille \u00e9poque l\u2019ann\u00e9e derni\u00e8re, gr\u00e2ce \u00e0 la marque New Holland. Idem pour le VUL o\u00f9 la part de march\u00e9s globale des marques Ford, Opel, et Mitsubishi a bondi \u00e0 37% (contre 33% l\u2019ann\u00e9e pr\u00e9c\u00e9dente).<\/p>\n<p>En revanche, les r\u00e9sultats relatifs au segment des v\u00e9hicules particuliers sont moins r\u00e9jouissants. Et pour cause, le march\u00e9 automobile des v\u00e9hicules neufs dans sa globalit\u00e9 est au creux de la vague. En cons\u00e9quence, la part de march\u00e9 du Groupe Auto Hall pour les marques Ford, Nissan, Opel et Mitsubishi au terme du premier trimestre en cours se chiffre \u00e0 8% contre 10% l\u2019ann\u00e9e derni\u00e8re \u00e0 la m\u00eame p\u00e9riode.<\/p>\n<p>Si l\u2019on se penche sur les comptes sociaux consolid\u00e9s \u00e0 fin juin, Auto Hall enregistre une baisse de 12% de son chiffre d\u2019affaires, cons\u00e9cutive \u00e0 l\u2019affaiblissement des march\u00e9s. <em>\u00abIl faut se souvenir que le march\u00e9 automobile des v\u00e9hicules neufs a atteint 104 016 unit\u00e9s \u00e0 fin ao\u00fbt 2019, en baisse de 10,4 % par rapport \u00e0 fin ao\u00fbt 2018\u00bb,<\/em> a pr\u00e9cis\u00e9 <strong>Abderrahim Bachiri<\/strong>, Directeur administratif et financier de Auto Hall. Pour autant, le Groupe annonce un r\u00e9sultat net consolid\u00e9 est de l\u2019ordre de 77 Mdhs, en hausse de 2%.<\/p>\n<div class=\"wp-block-embed__wrapper\"><iframe loading=\"lazy\" title=\"R\u00e9sultats semestriels : Auto Hall maintient le cap\" width=\"1140\" height=\"641\" src=\"https:\/\/www.youtube.com\/embed\/ons94-9kfi8?feature=oembed\" frameborder=\"0\" allow=\"accelerometer; autoplay; encrypted-media; gyroscope; picture-in-picture\" allowfullscreen=\"\">[embedded content]<\/iframe><\/div>\n<p><strong>La confiance est de mise<\/strong><\/p>\n<p>Compte tenu des r\u00e9sultats \u00e0 fin ao\u00fbt et des perspectives d\u2019\u00e9volution durant les quatre derniers mois de l\u2019ann\u00e9e, le Conseil d\u2019administration s\u2019est dit confiant dans les r\u00e9sultats commerciaux et financiers du deuxi\u00e8me semestre \u00e0 venir. Des r\u00e9sultats qui n\u2019alt\u00e8reront en rien la politique d\u2019investissement du Groupe dans le d\u00e9veloppement de son r\u00e9seau comme en atteste <strong>Abdellatif Guerraoui<\/strong><strong>.<\/strong> <em>\u00abNotre Conseil d\u2019administration a pris note de l\u2019ach\u00e8vement de la construction de deux nouvelles succursales \u00e0 Beni Mellal et \u00e0 Taroudant\u00bb<\/em>. Et le Pr\u00e9sident directeur g\u00e9n\u00e9ral du groupe Auto Hall de confirmer\u00a0que le lancement des projets de nouvelles plateformes dans les r\u00e9gions de Rabat et d\u2019Agadir est bel et bien sur les rails.<\/p>\n<div class=\"c17\">\n<fieldset class=\"c16\">\n<legend><strong><span class=\"c11\">Challenge<\/span><span class=\"c12\">news<\/span><\/strong><\/legend>\n<div class=\"c15\">Le meilleur de la r\u00e9daction s\u00e9lectionn\u00e9 par Challenge :<\/p>\n<\/div>\n<\/fieldset>\n<\/div>\n<p>Auteur: David J\u00e9r\u00e9mie<br \/>\n<a href=\"https:\/\/www.challenge.ma\/resultats-semestriels-auto-hall-maintient-le-cap-117979\/\">Cliquez ici pour lire l&rsquo;article depuis sa source.<\/a><\/p>\n","protected":false},"excerpt":{"rendered":"<p>Auto Hall vient fra\u00eechement de d\u00e9voiler ses r\u00e9sultats semestriels \u00e0 fin juin 2019. L\u2019importateur et distributeur multimarques peut se pr\u00e9valoir de plusieurs facteurs favorables qui ont contribu\u00e9 \u00e0 de bons r\u00e9sultats, malgr\u00e9 un march\u00e9 automobile dans le creux de la vague. Toujours est-il que la hausse du march\u00e9 des v\u00e9hicules utilitaires l\u00e9gers, l\u2019\u00e9largissement de la [&hellip;]<\/p>\n","protected":false},"author":1787,"featured_media":0,"comment_status":"closed","ping_status":"closed","sticky":false,"template":"","format":"standard","meta":{"fifu_image_url":"","fifu_image_alt":"","footnotes":""},"categories":[78,54],"tags":[],"class_list":["post-61810","post","type-post","status-publish","format-standard","hentry","category-economie","category-maroc"],"_links":{"self":[{"href":"https:\/\/linitiative.ca\/International\/wp-json\/wp\/v2\/posts\/61810","targetHints":{"allow":["GET"]}}],"collection":[{"href":"https:\/\/linitiative.ca\/International\/wp-json\/wp\/v2\/posts"}],"about":[{"href":"https:\/\/linitiative.ca\/International\/wp-json\/wp\/v2\/types\/post"}],"author":[{"embeddable":true,"href":"https:\/\/linitiative.ca\/International\/wp-json\/wp\/v2\/users\/1787"}],"replies":[{"embeddable":true,"href":"https:\/\/linitiative.ca\/International\/wp-json\/wp\/v2\/comments?post=61810"}],"version-history":[{"count":0,"href":"https:\/\/linitiative.ca\/International\/wp-json\/wp\/v2\/posts\/61810\/revisions"}],"wp:attachment":[{"href":"https:\/\/linitiative.ca\/International\/wp-json\/wp\/v2\/media?parent=61810"}],"wp:term":[{"taxonomy":"category","embeddable":true,"href":"https:\/\/linitiative.ca\/International\/wp-json\/wp\/v2\/categories?post=61810"},{"taxonomy":"post_tag","embeddable":true,"href":"https:\/\/linitiative.ca\/International\/wp-json\/wp\/v2\/tags?post=61810"}],"curies":[{"name":"wp","href":"https:\/\/api.w.org\/{rel}","templated":true}]}}