{"id":61811,"date":"2019-09-20T15:44:52","date_gmt":"2019-09-20T19:44:52","guid":{"rendered":"https:\/\/linitiative.ca\/International\/tunisie-le-collectif-de-defense-de-belaid-veut-auditionner-ghannouchi-avant-son-obtention-de-limmunite-parlementaire\/"},"modified":"2019-09-20T15:44:52","modified_gmt":"2019-09-20T19:44:52","slug":"tunisie-le-collectif-de-defense-de-belaid-veut-auditionner-ghannouchi-avant-son-obtention-de-limmunite-parlementaire","status":"publish","type":"post","link":"https:\/\/linitiative.ca\/International\/tunisie-le-collectif-de-defense-de-belaid-veut-auditionner-ghannouchi-avant-son-obtention-de-limmunite-parlementaire\/","title":{"rendered":"Tunisie \u2013 Le collectif de d\u00e9fense de B\u00e9la\u00efd veut auditionner Ghannouchi avant son obtention de l\u2019immunit\u00e9 parlementaire"},"content":{"rendered":"<div class=\"post-cont-in left relative\">\n<div class=\"swp_social_panel swp_horizontal_panel swp_flat_fresh swp_default_full_color swp_individual_full_color swp_other_full_color scale-100 scale-\" data-min-width=\"1100\" data-float-color=\"#ffffff\" data-float=\"none\" data-float-mobile=\"none\" data-transition=\"slide\">\n<div class=\"nc_tweetContainer swp_share_button total_shares total_sharesalt\"><span class=\"swp_count\">163 <span class=\"swp_label\">Partages<\/span><\/span><\/div>\n<\/div>\n<p>Le membre du collectif de d\u00e9fense des martyrs Chokri B\u00e9la\u00efd et Mohamed Brahmi, Imen Gzara a d\u00e9clar\u00e9 ce vendredi, que le collectif a boug\u00e9 en ce moment et a insist\u00e9 \u00e0 faire bouger le dossier, pour pouvoir auditionner Rached Ghannouchi ainsi que d\u2019autres leaders d\u2019Ennahdha concernant\u00a0leurs liens avec l\u2019appareil secret du parti. Avant que le cheikh n\u2019obtienne l\u2019immunit\u00e9 parlementaire dont il va jouir \u00e0 partir du 7 octobre prochain, en \u00e9tant \u00e9lu sur la liste de Tunis. Elle a ajout\u00e9 qu\u2019 il jouira de l\u2019impunit\u00e9 totale de ses faits et actes.<\/p>\n<p><strong>Que se passe-t-il en Tunisie?<\/strong><br \/>Nous expliquons sur notre <a href=\"https:\/\/www.youtube.com\/channel\/UCRzypVq0B_yBad5eGrwBx0Q?sub_confirmation=1\" target=\"_blank\" rel=\"noopener noreferrer\">cha\u00eene YouTube<\/a> . <a href=\"https:\/\/www.youtube.com\/channel\/UCRzypVq0B_yBad5eGrwBx0Q?sub_confirmation=1\" target=\"_blank\" rel=\"noopener noreferrer\">Abonnez-vous!<\/a><\/p>\n<div class=\"mvp-org-wrap mvp-org-logo\" itemprop=\"publisher\" itemscope=\"\" itemtype=\"https:\/\/schema.org\/Organization\">\n<p><img decoding=\"async\" src=\"https:\/\/www.tunisienumerique.com\/wp-content\/uploads\/2017\/02\/logo_tunisie_numerique.png\"\/><\/p>\n<\/div>\n<div class=\"swp_social_panel swp_horizontal_panel swp_flat_fresh swp_default_full_color swp_individual_full_color swp_other_full_color scale-100 scale-\" data-min-width=\"1100\" data-float-color=\"#ffffff\" data-float=\"none\" data-float-mobile=\"none\" data-transition=\"slide\">\n<div class=\"nc_tweetContainer swp_share_button total_shares total_sharesalt\"><span class=\"swp_count\">163 <span class=\"swp_label\">Partages<\/span><\/span><\/div>\n<\/div>\n<div class=\"mvp-related-posts left relative\">\n<h4 class=\"post-header\"><span class=\"post-header\">Lire aussi<\/span><\/h4>\n<\/div>\n<\/div>\n<p>Auteur: LM<br \/>\n<a href=\"https:\/\/www.tunisienumerique.com\/tunisie-le-collectif-de-defense-de-belaid-veut-auditionner-ghannouchi-avant-son-obtention-de-limmunite-parlementaire\/\">Cliquez ici pour lire l&rsquo;article depuis sa source.<\/a><\/p>\n","protected":false},"excerpt":{"rendered":"<p>163 Partages Le membre du collectif de d\u00e9fense des martyrs Chokri B\u00e9la\u00efd et Mohamed Brahmi, Imen Gzara a d\u00e9clar\u00e9 ce vendredi, que le collectif a boug\u00e9 en ce moment et a insist\u00e9 \u00e0 faire bouger le dossier, pour pouvoir auditionner Rached Ghannouchi ainsi que d\u2019autres leaders d\u2019Ennahdha concernant\u00a0leurs liens avec l\u2019appareil secret du parti. Avant [&hellip;]<\/p>\n","protected":false},"author":1789,"featured_media":61812,"comment_status":"closed","ping_status":"closed","sticky":false,"template":"","format":"standard","meta":{"fifu_image_url":"","fifu_image_alt":"","footnotes":""},"categories":[73,55],"tags":[],"class_list":["post-61811","post","type-post","status-publish","format-standard","has-post-thumbnail","hentry","category-actualite","category-tunisie"],"_links":{"self":[{"href":"https:\/\/linitiative.ca\/International\/wp-json\/wp\/v2\/posts\/61811","targetHints":{"allow":["GET"]}}],"collection":[{"href":"https:\/\/linitiative.ca\/International\/wp-json\/wp\/v2\/posts"}],"about":[{"href":"https:\/\/linitiative.ca\/International\/wp-json\/wp\/v2\/types\/post"}],"author":[{"embeddable":true,"href":"https:\/\/linitiative.ca\/International\/wp-json\/wp\/v2\/users\/1789"}],"replies":[{"embeddable":true,"href":"https:\/\/linitiative.ca\/International\/wp-json\/wp\/v2\/comments?post=61811"}],"version-history":[{"count":0,"href":"https:\/\/linitiative.ca\/International\/wp-json\/wp\/v2\/posts\/61811\/revisions"}],"wp:featuredmedia":[{"embeddable":true,"href":"https:\/\/linitiative.ca\/International\/wp-json\/"}],"wp:attachment":[{"href":"https:\/\/linitiative.ca\/International\/wp-json\/wp\/v2\/media?parent=61811"}],"wp:term":[{"taxonomy":"category","embeddable":true,"href":"https:\/\/linitiative.ca\/International\/wp-json\/wp\/v2\/categories?post=61811"},{"taxonomy":"post_tag","embeddable":true,"href":"https:\/\/linitiative.ca\/International\/wp-json\/wp\/v2\/tags?post=61811"}],"curies":[{"name":"wp","href":"https:\/\/api.w.org\/{rel}","templated":true}]}}